{"id":298846,"date":"2024-03-21T13:12:34","date_gmt":"2024-03-21T10:12:34","guid":{"rendered":"https:\/\/sana.sy\/tr\/?p=298846"},"modified":"2024-03-24T09:25:32","modified_gmt":"2024-03-24T06:25:32","slug":"baskan-putinin-rusya-baskanlik-secimlerindeki-resmi-zaferi-ilan-edildi","status":"publish","type":"post","link":"https:\/\/archive.sana.sy\/tr\/?p=298846","title":{"rendered":"Ba\u015fkan Putin&#8217;in Rusya Ba\u015fkanl\u0131k Se\u00e7imlerindeki Resmi Zaferi \u0130lan Edildi"},"content":{"rendered":"<p><strong>\u0130\u015eGAL ED\u0130LEN KUD\u00dcS (SANA) \u2013 <\/strong>Rusya Merkez Se\u00e7im Komisyonu Ba\u015fkan\u0131 Ella Pamfilova, resmi ve nihai ba\u015fkanl\u0131k se\u00e7imlerinin sonu\u00e7lar\u0131n\u0131n Devlet Ba\u015fkan\u0131 Vladimir Putin&#8217;in \u00fclke ba\u015fkanl\u0131\u011f\u0131n\u0131 kazand\u0131\u011f\u0131n\u0131 g\u00f6sterdi\u011fini a\u00e7\u0131klad\u0131.<\/p>\n<p>Pamfilova, bug\u00fcn d\u00fczenlenen ve Novosti&#8217;nin aktard\u0131\u011f\u0131 bas\u0131n toplant\u0131s\u0131nda, &#8220;mevcut devlet ba\u015fkan\u0131 Vladimir Putin&#8217;in son cumhurba\u015fkanl\u0131\u011f\u0131 se\u00e7imlerini y\u00fczde 87,28 oyla kazanarak 76,277 ,708 se\u00e7menin deste\u011fini ald\u0131\u011f\u0131n\u0131 s\u00f6yledi.<\/p>\n<p style=\"text-align: center;\"><strong><a href=\"https:\/\/t.me\/SuriyeArapHaberAjansI\">Telegram Kanal\u0131m\u0131z\u00a0<\/a>||<a href=\"https:\/\/twitter.com\/arap_ajans\">X Platformumuz\u00a0<\/a>||<a href=\"https:\/\/www.facebook.com\/SANAHaberAjansi\/\">Facebook Sayfam\u0131z<\/a><\/strong><\/p>\n","protected":false},"excerpt":{"rendered":"<p>\u0130\u015eGAL ED\u0130LEN KUD\u00dcS (SANA) \u2013 Rusya Merkez Se\u00e7im Komisyonu Ba\u015fkan\u0131 Ella Pamfilova, resmi ve nihai ba\u015fkanl\u0131k se\u00e7imlerinin sonu\u00e7lar\u0131n\u0131n Devlet Ba\u015fkan\u0131 Vladimir Putin&#8217;in \u00fclke ba\u015fkanl\u0131\u011f\u0131n\u0131 kazand\u0131\u011f\u0131n\u0131 g\u00f6sterdi\u011fini a\u00e7\u0131klad\u0131. Pamfilova, bug\u00fcn d\u00fczenlenen ve Novosti&#8217;nin aktard\u0131\u011f\u0131 bas\u0131n toplant\u0131s\u0131nda, &#8220;mevcut devlet ba\u015fkan\u0131 Vladimir Putin&#8217;in son cumhurba\u015fkanl\u0131\u011f\u0131 se\u00e7imlerini y\u00fczde 87,28 oyla kazanarak 76,277 ,708 se\u00e7menin deste\u011fini ald\u0131\u011f\u0131n\u0131 s\u00f6yledi. Telegram Kanal\u0131m\u0131z\u00a0||X &hellip;<\/p>\n","protected":false},"author":36,"featured_media":298847,"comment_status":"closed","ping_status":"closed","sticky":false,"template":"","format":"standard","meta":{"footnotes":""},"categories":[458,459,17988],"tags":[],"class_list":["post-298846","post","type-post","status-publish","format-standard","has-post-thumbnail","","category-dunya1","category-haberler-arap-uluslararasi-politika","category-son-haberler"],"_links":{"self":[{"href":"https:\/\/archive.sana.sy\/tr\/index.php?rest_route=\/wp\/v2\/posts\/298846","targetHints":{"allow":["GET"]}}],"collection":[{"href":"https:\/\/archive.sana.sy\/tr\/index.php?rest_route=\/wp\/v2\/posts"}],"about":[{"href":"https:\/\/archive.sana.sy\/tr\/index.php?rest_route=\/wp\/v2\/types\/post"}],"author":[{"embeddable":true,"href":"https:\/\/archive.sana.sy\/tr\/index.php?rest_route=\/wp\/v2\/users\/36"}],"replies":[{"embeddable":true,"href":"https:\/\/archive.sana.sy\/tr\/index.php?rest_route=%2Fwp%2Fv2%2Fcomments&post=298846"}],"version-history":[{"count":1,"href":"https:\/\/archive.sana.sy\/tr\/index.php?rest_route=\/wp\/v2\/posts\/298846\/revisions"}],"predecessor-version":[{"id":298848,"href":"https:\/\/archive.sana.sy\/tr\/index.php?rest_route=\/wp\/v2\/posts\/298846\/revisions\/298848"}],"wp:featuredmedia":[{"embeddable":true,"href":"https:\/\/archive.sana.sy\/tr\/index.php?rest_route=\/wp\/v2\/media\/298847"}],"wp:attachment":[{"href":"https:\/\/archive.sana.sy\/tr\/index.php?rest_route=%2Fwp%2Fv2%2Fmedia&parent=298846"}],"wp:term":[{"taxonomy":"category","embeddable":true,"href":"https:\/\/archive.sana.sy\/tr\/index.php?rest_route=%2Fwp%2Fv2%2Fcategories&post=298846"},{"taxonomy":"post_tag","embeddable":true,"href":"https:\/\/archive.sana.sy\/tr\/index.php?rest_route=%2Fwp%2Fv2%2Ftags&post=298846"}],"curies":[{"name":"wp","href":"https:\/\/api.w.org\/{rel}","templated":true}]}}