{"id":298849,"date":"2024-03-21T16:10:32","date_gmt":"2024-03-21T13:10:32","guid":{"rendered":"https:\/\/sana.sy\/tr\/?p=298849"},"modified":"2024-03-23T09:20:02","modified_gmt":"2024-03-23T06:20:02","slug":"suriye-washingtonun-kubanin-islerine-mudahalesini-kinadi-ve-uluslararasi-toplumdan-amerikan-ablukasinin-kaldirilmasini-talep-etti","status":"publish","type":"post","link":"https:\/\/archive.sana.sy\/tr\/?p=298849","title":{"rendered":"Suriye, Washington&#8217;un K\u00fcba&#8217;n\u0131n \u0130\u015flerine M\u00fcdahalesini K\u0131nad\u0131 ve Uluslararas\u0131 Toplumdan Amerikan Ablukas\u0131n\u0131n Kald\u0131r\u0131lmas\u0131n\u0131 Talep Etti"},"content":{"rendered":"<p><strong>\u015eAM\u00a0 (SANA) \u2013 <\/strong>Suriye, Amerika&#8217;n\u0131n K\u00fcba Cumhuriyeti&#8217;nin i\u00e7 i\u015flerine bariz m\u00fcdahalesini \u015fiddetle k\u0131nad\u0131 ve Amerika&#8217;n\u0131n k\u0131\u015fk\u0131rt\u0131c\u0131 yakla\u015f\u0131m\u0131n\u0131 ve ger\u00e7eklerin \u00e7arp\u0131t\u0131lmas\u0131n\u0131 reddederek, Uluslararas\u0131 topluma, sorumluluklar\u0131n\u0131 \u00fcstlenmeye ve ihtiya\u00e7 duyduklar\u0131 s\u00fcrd\u00fcr\u00fclebilir kalk\u0131nmay\u0131 ba\u015farabilmelerini sa\u011flamak i\u00e7in K\u00fcba halk\u0131na uygulanan Amerikan ablukas\u0131n\u0131 kald\u0131rmak i\u00e7in \u00e7al\u0131\u015fmaya \u00e7a\u011fr\u0131da bulundu.<\/p>\n<p>D\u0131\u015fi\u015fleri ve Gurbet\u00e7iler Bakanl\u0131\u011f\u0131 bug\u00fcn bir kopyas\u0131 SANA&#8217;ya ula\u015fan bir a\u00e7\u0131klamada: &#8220;Suriye Arap Cumhuriyeti, Amerika&#8217;n\u0131n K\u00fcba Cumhuriyeti&#8217;nin i\u00e7 i\u015flerine bariz m\u00fcdahalesini \u015fiddetle k\u0131n\u0131yor ve Amerika&#8217;n\u0131n k\u0131\u015fk\u0131rt\u0131c\u0131, ger\u00e7ekleri \u00e7arp\u0131tan ve K\u00fcba h\u00fck\u00fcmetine istikrar\u0131 bozma y\u00f6n\u00fcnde su\u00e7lamalar getiren yakla\u015f\u0131m\u0131n\u0131 reddediyor&#8221; diyerek, Washington&#8217;un, K\u00fcba&#8217;n\u0131n ya\u015fad\u0131\u011f\u0131 zorlu ekonomik ko\u015fullardan faydaland\u0131\u011f\u0131n\u0131, ancak bu ko\u015fullar\u0131n temel nedeninin, uygulad\u0131\u011f\u0131 ahlaks\u0131z politikalar sonucunda K\u00fcba&#8217;ya yasad\u0131\u015f\u0131 yapt\u0131r\u0131mlar uygulama konusunda ahlaks\u0131z politikalar\u0131, 64 y\u0131ldan uzun s\u00fcredir devam eden bir finansal, ticaret ve ekonomik ablukaya yol a\u00e7t\u0131.<\/p>\n<p>Bakanl\u0131k, Suriye&#8217;nin, olumlu giri\u015fimlerle halk\u0131n\u0131n kar\u015f\u0131 kar\u015f\u0131ya oldu\u011fu ekonomik s\u0131k\u0131nt\u0131lara \u00e7\u00f6z\u00fcm bulmak amac\u0131yla K\u00fcba&#8217;n\u0131n ald\u0131\u011f\u0131 acil ihtiyati tedbirlere deste\u011fini belirtirken, &#8220;Washington, K\u00fcba halk\u0131 i\u00e7in endi\u015fe duysayd\u0131, derhal ablukay\u0131 kald\u0131r\u0131rd\u0131, K\u00fcba limanlar\u0131na ula\u015f\u0131m serbestli\u011fine ve petrol t\u00fcrevlerinin geli\u015fine izin verirdi ve K\u00fcba halk\u0131n\u0131n ihtiya\u00e7 duydu\u011fu malzemeleri ithal etmek i\u00e7in K\u00fcba bankalar\u0131na uygulanan mali ambargoyu kald\u0131r\u0131rd\u0131&#8221; dedi.<\/p>\n<p>D\u0131\u015fi\u015fleri Bakanl\u0131\u011f\u0131, kar\u015f\u0131la\u015ft\u0131\u011f\u0131 zorluklarla m\u00fccadelede Suriye&#8217;nin K\u00fcba Cumhuriyeti&#8217;ne verdi\u011fi deste\u011fi yineledi ve yapt\u0131r\u0131mlar\u0131 ve ABD&#8217;nin K\u00fcba ve di\u011fer \u00fclkelere uygulad\u0131\u011f\u0131 insanl\u0131k d\u0131\u015f\u0131 ablukay\u0131 k\u0131narken, Uluslararas\u0131 topluma, bu ablukan\u0131n kald\u0131r\u0131lmas\u0131, K\u00fcba halk\u0131n\u0131n temel ihtiya\u00e7lar\u0131n\u0131n kar\u015f\u0131lanmas\u0131 ve ihtiya\u00e7 duyduklar\u0131 s\u00fcrd\u00fcr\u00fclebilir kalk\u0131nmaya ula\u015fmalar\u0131n\u0131n sa\u011flanmas\u0131 i\u00e7in \u00e7al\u0131\u015farak sorumluluklar\u0131n\u0131 \u00fcstlenmeye \u00e7a\u011fr\u0131da bulundu.<\/p>\n<p style=\"text-align: center;\"><strong><a href=\"https:\/\/t.me\/SuriyeArapHaberAjansI\">Telegram Kanal\u0131m\u0131z\u00a0<\/a>||<a href=\"https:\/\/twitter.com\/arap_ajans\">X Platformumuz\u00a0<\/a>||<a href=\"https:\/\/www.facebook.com\/SANAHaberAjansi\/\">Facebook Sayfam\u0131z<\/a><\/strong><\/p>\n","protected":false},"excerpt":{"rendered":"<p>\u015eAM\u00a0 (SANA) \u2013 Suriye, Amerika&#8217;n\u0131n K\u00fcba Cumhuriyeti&#8217;nin i\u00e7 i\u015flerine bariz m\u00fcdahalesini \u015fiddetle k\u0131nad\u0131 ve Amerika&#8217;n\u0131n k\u0131\u015fk\u0131rt\u0131c\u0131 yakla\u015f\u0131m\u0131n\u0131 ve ger\u00e7eklerin \u00e7arp\u0131t\u0131lmas\u0131n\u0131 reddederek, Uluslararas\u0131 topluma, sorumluluklar\u0131n\u0131 \u00fcstlenmeye ve ihtiya\u00e7 duyduklar\u0131 s\u00fcrd\u00fcr\u00fclebilir kalk\u0131nmay\u0131 ba\u015farabilmelerini sa\u011flamak i\u00e7in K\u00fcba halk\u0131na uygulanan Amerikan ablukas\u0131n\u0131 kald\u0131rmak i\u00e7in \u00e7al\u0131\u015fmaya \u00e7a\u011fr\u0131da bulundu. D\u0131\u015fi\u015fleri ve Gurbet\u00e7iler Bakanl\u0131\u011f\u0131 bug\u00fcn bir kopyas\u0131 SANA&#8217;ya ula\u015fan bir a\u00e7\u0131klamada: &#8220;Suriye &hellip;<\/p>\n","protected":false},"author":36,"featured_media":298850,"comment_status":"closed","ping_status":"closed","sticky":false,"template":"","format":"standard","meta":{"footnotes":""},"categories":[479,17988,478],"tags":[],"class_list":["post-298849","post","type-post","status-publish","format-standard","has-post-thumbnail","","category-haberler-yerel","category-son-haberler","category-yerel"],"_links":{"self":[{"href":"https:\/\/archive.sana.sy\/tr\/index.php?rest_route=\/wp\/v2\/posts\/298849","targetHints":{"allow":["GET"]}}],"collection":[{"href":"https:\/\/archive.sana.sy\/tr\/index.php?rest_route=\/wp\/v2\/posts"}],"about":[{"href":"https:\/\/archive.sana.sy\/tr\/index.php?rest_route=\/wp\/v2\/types\/post"}],"author":[{"embeddable":true,"href":"https:\/\/archive.sana.sy\/tr\/index.php?rest_route=\/wp\/v2\/users\/36"}],"replies":[{"embeddable":true,"href":"https:\/\/archive.sana.sy\/tr\/index.php?rest_route=%2Fwp%2Fv2%2Fcomments&post=298849"}],"version-history":[{"count":1,"href":"https:\/\/archive.sana.sy\/tr\/index.php?rest_route=\/wp\/v2\/posts\/298849\/revisions"}],"predecessor-version":[{"id":298851,"href":"https:\/\/archive.sana.sy\/tr\/index.php?rest_route=\/wp\/v2\/posts\/298849\/revisions\/298851"}],"wp:featuredmedia":[{"embeddable":true,"href":"https:\/\/archive.sana.sy\/tr\/index.php?rest_route=\/wp\/v2\/media\/298850"}],"wp:attachment":[{"href":"https:\/\/archive.sana.sy\/tr\/index.php?rest_route=%2Fwp%2Fv2%2Fmedia&parent=298849"}],"wp:term":[{"taxonomy":"category","embeddable":true,"href":"https:\/\/archive.sana.sy\/tr\/index.php?rest_route=%2Fwp%2Fv2%2Fcategories&post=298849"},{"taxonomy":"post_tag","embeddable":true,"href":"https:\/\/archive.sana.sy\/tr\/index.php?rest_route=%2Fwp%2Fv2%2Ftags&post=298849"}],"curies":[{"name":"wp","href":"https:\/\/api.w.org\/{rel}","templated":true}]}}