{"id":298852,"date":"2024-03-21T16:55:13","date_gmt":"2024-03-21T13:55:13","guid":{"rendered":"https:\/\/sana.sy\/tr\/?p=298852"},"modified":"2024-03-24T09:25:37","modified_gmt":"2024-03-24T06:25:37","slug":"tartusta-sehit-ve-yarali-ailelerine-yonelik-turizm-sektoru-egitim-kursunun-mezuniyeti","status":"publish","type":"post","link":"https:\/\/archive.sana.sy\/tr\/?p=298852","title":{"rendered":"Tartus&#8217;ta \u015eehit ve Yaral\u0131 Ailelerine Y\u00f6nelik Turizm Sekt\u00f6r\u00fc E\u011fitim Kursunun Mezuniyeti"},"content":{"rendered":"<p><strong>TARTUS (SANA) \u2013 <\/strong>Tartus Valili\u011fi, Tartus Turizm Odas\u0131&#8217;n\u0131n d\u00fczenledi\u011fi mutfak, \u00e7ikolatac\u0131l\u0131k ve otelcilik alan\u0131nda uzmanl\u0131k e\u011fitimlerini ge\u00e7en \u015fehit ve yaral\u0131 ailelerinden 61 erkek ve kad\u0131n kursiyer i\u00e7in mezuniyet t\u00f6reni d\u00fczenledi.<\/p>\n<p><img loading=\"lazy\" decoding=\"async\" class=\"size-medium wp-image-298853 alignright\" src=\"http:\/\/sana.sy\/tr\/wp-content\/uploads\/2024\/03\/5-1-300x230.jpg\" alt=\"\" width=\"300\" height=\"230\" srcset=\"https:\/\/archive.sana.sy\/tr\/wp-content\/uploads\/2024\/03\/5-1-300x230.jpg 300w, https:\/\/archive.sana.sy\/tr\/wp-content\/uploads\/2024\/03\/5-1.jpg 660w\" sizes=\"auto, (max-width: 300px) 100vw, 300px\" \/>Turizm Bakan\u0131 M\u00fch. Muhamed Rami Radvan Martini gazetecilere yapt\u0131\u011f\u0131 a\u00e7\u0131klamada, \u015fehit, yaral\u0131 ve kay\u0131p ailelerine y\u00f6nelik bu e\u011fitim kurslar\u0131n\u0131n amac\u0131n\u0131n, kursiyerlere gerekli deneyim ve becerileri kazand\u0131rarak turizm sekt\u00f6r\u00fcnde, \u00f6zellikle k\u00fc\u00e7\u00fck ve mikro i\u015fletmelerde s\u00fcrd\u00fcr\u00fclebilirlik ve kalk\u0131nmay\u0131 sa\u011flamak i\u00e7in i\u015f olanaklar\u0131 sa\u011flamak oldu\u011funa dikkat \u00e7ekerek, Suriye Ta\u015f\u0131mac\u0131l\u0131\u011f\u0131 ve Turizm \u015eirketi, Turizm Tesisleri ve Tartus Turizm Odas\u0131nda bir dizi i\u015f f\u0131rsat\u0131n\u0131n sa\u011fland\u0131\u011f\u0131na dikkat \u00e7ekiyor.<\/p>\n<p>Tartus Valisi Firas El Hamid ise, kursiyerlerin gerekli tecr\u00fcbeyi kazand\u0131ktan sonra i\u015f piyasas\u0131na girmelerini sa\u011flamak amac\u0131yla bu kurslar\u0131n valilik ve Turizm Bakanl\u0131\u011f\u0131 koordinasyonunda d\u00fczenlendi\u011fini, turizm sekt\u00f6r\u00fcn\u00fcn geli\u015ftirilmesinde, profesyonel, uzman ve e\u011fitimli kadrolar\u0131n yeti\u015ftirilmesinde b\u00fcy\u00fck rol oynad\u0131klar\u0131n\u0131 s\u00f6yledi.<\/p>\n<p>Suriye Turizm Odalar\u0131 Federasyonu Ba\u015fkan\u0131 M\u00fch. Talal Hudair, \u015fehit ve yaral\u0131 ailelerine ek faydalar sa\u011flamak \u00fczere kendi projelerini ba\u015flatmak isteyenlere yard\u0131mc\u0131 olmak i\u00e7in 30 milyon tavan tutar\u0131nda mali kredi sa\u011flayarak k\u00fc\u00e7\u00fck ve mikro i\u015fletmelere destek verdiklerini vurgulad\u0131.<\/p>\n<p><img loading=\"lazy\" decoding=\"async\" class=\"size-medium wp-image-298854 alignright\" src=\"http:\/\/sana.sy\/tr\/wp-content\/uploads\/2024\/03\/6-1-300x207.jpg\" alt=\"\" width=\"300\" height=\"207\" srcset=\"https:\/\/archive.sana.sy\/tr\/wp-content\/uploads\/2024\/03\/6-1-300x207.jpg 300w, https:\/\/archive.sana.sy\/tr\/wp-content\/uploads\/2024\/03\/6-1-110x75.jpg 110w, https:\/\/archive.sana.sy\/tr\/wp-content\/uploads\/2024\/03\/6-1.jpg 660w\" sizes=\"auto, (max-width: 300px) 100vw, 300px\" \/>Tartous Turizm Odas\u0131 Ba\u015fkan\u0131 Ibtisam Sobh, konu\u015fmas\u0131nda, bu oturumun \u015fehit aileleri ve yaral\u0131lar da dahil olmak \u00fczere \u00fclke halk\u0131n\u0131n bu asil kesimine y\u00f6nelik sosyal ve kalk\u0131nmac\u0131 rol\u00fcn vurguland\u0131\u011f\u0131n\u0131 belirtirken, odan\u0131n valilikteki turizm faaliyetleriyle i\u015fbirli\u011fi i\u00e7inde kurslar d\u00fczenlemeye devam edece\u011fine i\u015faret etti.<\/p>\n<p style=\"text-align: center;\"><strong><a href=\"https:\/\/t.me\/SuriyeArapHaberAjansI\">Telegram Kanal\u0131m\u0131z\u00a0<\/a>||<a href=\"https:\/\/twitter.com\/arap_ajans\">X Platformumuz\u00a0<\/a>||<a href=\"https:\/\/www.facebook.com\/SANAHaberAjansi\/\">Facebook Sayfam\u0131z<\/a><\/strong><\/p>\n<p>&nbsp;<\/p>\n","protected":false},"excerpt":{"rendered":"<p>TARTUS (SANA) \u2013 Tartus Valili\u011fi, Tartus Turizm Odas\u0131&#8217;n\u0131n d\u00fczenledi\u011fi mutfak, \u00e7ikolatac\u0131l\u0131k ve otelcilik alan\u0131nda uzmanl\u0131k e\u011fitimlerini ge\u00e7en \u015fehit ve yaral\u0131 ailelerinden 61 erkek ve kad\u0131n kursiyer i\u00e7in mezuniyet t\u00f6reni d\u00fczenledi. Turizm Bakan\u0131 M\u00fch. Muhamed Rami Radvan Martini gazetecilere yapt\u0131\u011f\u0131 a\u00e7\u0131klamada, \u015fehit, yaral\u0131 ve kay\u0131p ailelerine y\u00f6nelik bu e\u011fitim kurslar\u0131n\u0131n amac\u0131n\u0131n, kursiyerlere gerekli deneyim ve becerileri &hellip;<\/p>\n","protected":false},"author":36,"featured_media":298855,"comment_status":"closed","ping_status":"closed","sticky":false,"template":"","format":"standard","meta":{"footnotes":""},"categories":[479,17988,478],"tags":[],"class_list":["post-298852","post","type-post","status-publish","format-standard","has-post-thumbnail","","category-haberler-yerel","category-son-haberler","category-yerel"],"_links":{"self":[{"href":"https:\/\/archive.sana.sy\/tr\/index.php?rest_route=\/wp\/v2\/posts\/298852","targetHints":{"allow":["GET"]}}],"collection":[{"href":"https:\/\/archive.sana.sy\/tr\/index.php?rest_route=\/wp\/v2\/posts"}],"about":[{"href":"https:\/\/archive.sana.sy\/tr\/index.php?rest_route=\/wp\/v2\/types\/post"}],"author":[{"embeddable":true,"href":"https:\/\/archive.sana.sy\/tr\/index.php?rest_route=\/wp\/v2\/users\/36"}],"replies":[{"embeddable":true,"href":"https:\/\/archive.sana.sy\/tr\/index.php?rest_route=%2Fwp%2Fv2%2Fcomments&post=298852"}],"version-history":[{"count":1,"href":"https:\/\/archive.sana.sy\/tr\/index.php?rest_route=\/wp\/v2\/posts\/298852\/revisions"}],"predecessor-version":[{"id":298856,"href":"https:\/\/archive.sana.sy\/tr\/index.php?rest_route=\/wp\/v2\/posts\/298852\/revisions\/298856"}],"wp:featuredmedia":[{"embeddable":true,"href":"https:\/\/archive.sana.sy\/tr\/index.php?rest_route=\/wp\/v2\/media\/298855"}],"wp:attachment":[{"href":"https:\/\/archive.sana.sy\/tr\/index.php?rest_route=%2Fwp%2Fv2%2Fmedia&parent=298852"}],"wp:term":[{"taxonomy":"category","embeddable":true,"href":"https:\/\/archive.sana.sy\/tr\/index.php?rest_route=%2Fwp%2Fv2%2Fcategories&post=298852"},{"taxonomy":"post_tag","embeddable":true,"href":"https:\/\/archive.sana.sy\/tr\/index.php?rest_route=%2Fwp%2Fv2%2Ftags&post=298852"}],"curies":[{"name":"wp","href":"https:\/\/api.w.org\/{rel}","templated":true}]}}