{"id":298869,"date":"2024-03-22T13:04:27","date_gmt":"2024-03-22T10:04:27","guid":{"rendered":"https:\/\/sana.sy\/tr\/?p=298869"},"modified":"2024-03-24T09:25:47","modified_gmt":"2024-03-24T06:25:47","slug":"cezayir-israilin-suriye-topraklarina-yonelik-art-arda-duzenledigi-saldirilara-son-verilmesini-talep-etti","status":"publish","type":"post","link":"https:\/\/archive.sana.sy\/tr\/?p=298869","title":{"rendered":"Cezayir, \u0130srail&#8217;in Suriye Topraklar\u0131na Y\u00f6nelik Art Arda D\u00fczenledi\u011fi Sald\u0131r\u0131lara Son Verilmesini Talep Etti"},"content":{"rendered":"<p><strong>NEW YORK (SANA) \u2013 <\/strong>Cezayir, Suriye&#8217;nin egemenli\u011fine ve toprak b\u00fct\u00fcnl\u00fc\u011f\u00fcne sayg\u0131 duyulmas\u0131n\u0131n ve \u0130srail&#8217;in Suriye&#8217;ye y\u00f6nelik defalarca ger\u00e7ekle\u015ftirdi\u011fi sald\u0131r\u0131lara son verilmesinin gereklili\u011fine vurgu yapt\u0131\u011f\u0131n\u0131 yineledi.<\/p>\n<p>Cezayir WAG Haber Ajans\u0131, Cezayir&#8217;in Birle\u015fmi\u015f Milletler Daimi Temsilcisi Ammar Ben Came&#8217;nin Suriye ile ilgili G\u00fcvenlik Konseyi toplant\u0131s\u0131nda (Cezayir, Mozambik, Sierra Leone ve Guyana) olu\u015fan &#8220;A+3 Grubu&#8221; ad\u0131na konu\u015fmas\u0131nda: &#8220;Suriye&#8217;nin egemenli\u011fine ve toprak b\u00fct\u00fcnl\u00fc\u011f\u00fcne sayg\u0131y\u0131 vurgulayarak ve i\u015flerine her t\u00fcrl\u00fc d\u0131\u015f m\u00fcdahaleyi reddederek bu eylemlerin derhal durdurulmas\u0131n\u0131 talep ediyoruz&#8221; dedi.<\/p>\n<p>Grup ad\u0131na Came, ter\u00f6r \u00f6rg\u00fctleriyle m\u00fccadelede ve t\u00fcm Suriye topraklar\u0131n\u0131n kontrol\u00fcn\u00fc yeniden ele ge\u00e7irmede Suriye h\u00fck\u00fcmetine yard\u0131m sa\u011flamak i\u00e7in etkili bir uluslararas\u0131 koordinasyon \u00e7a\u011fr\u0131s\u0131nda bulundu.<\/p>\n<p>Came&#8217;ya g\u00f6re grup ayr\u0131ca, \u00fclke ekonomisini olumsuz y\u00f6nde etkileyen ve Suriye&#8217;nin kar\u015f\u0131 kar\u015f\u0131ya oldu\u011fu insani zorluklar\u0131 art\u0131ran, kendisine kar\u015f\u0131 uygulanan zorlay\u0131c\u0131 \u00f6nlemlerin zorluklar\u0131yla ve yans\u0131malar\u0131yla y\u00fczle\u015fmek i\u00e7in Suriye&#8217;deki insani m\u00fcdahale plan\u0131na yeterli finansman sa\u011flanmas\u0131 \u00e7a\u011fr\u0131s\u0131nda bulundu.<\/p>\n<p style=\"text-align: center;\"><strong><a href=\"https:\/\/t.me\/SuriyeArapHaberAjansI\">Telegram Kanal\u0131m\u0131z\u00a0<\/a>||<a href=\"https:\/\/twitter.com\/arap_ajans\">X Platformumuz\u00a0<\/a>||<a href=\"https:\/\/www.facebook.com\/SANAHaberAjansi\/\">Facebook Sayfam\u0131z<\/a><\/strong><\/p>\n","protected":false},"excerpt":{"rendered":"<p>NEW YORK (SANA) \u2013 Cezayir, Suriye&#8217;nin egemenli\u011fine ve toprak b\u00fct\u00fcnl\u00fc\u011f\u00fcne sayg\u0131 duyulmas\u0131n\u0131n ve \u0130srail&#8217;in Suriye&#8217;ye y\u00f6nelik defalarca ger\u00e7ekle\u015ftirdi\u011fi sald\u0131r\u0131lara son verilmesinin gereklili\u011fine vurgu yapt\u0131\u011f\u0131n\u0131 yineledi. Cezayir WAG Haber Ajans\u0131, Cezayir&#8217;in Birle\u015fmi\u015f Milletler Daimi Temsilcisi Ammar Ben Came&#8217;nin Suriye ile ilgili G\u00fcvenlik Konseyi toplant\u0131s\u0131nda (Cezayir, Mozambik, Sierra Leone ve Guyana) olu\u015fan &#8220;A+3 Grubu&#8221; ad\u0131na konu\u015fmas\u0131nda: &#8220;Suriye&#8217;nin &hellip;<\/p>\n","protected":false},"author":36,"featured_media":298870,"comment_status":"closed","ping_status":"closed","sticky":false,"template":"","format":"standard","meta":{"footnotes":""},"categories":[458,459,17988],"tags":[],"class_list":["post-298869","post","type-post","status-publish","format-standard","has-post-thumbnail","","category-dunya1","category-haberler-arap-uluslararasi-politika","category-son-haberler"],"_links":{"self":[{"href":"https:\/\/archive.sana.sy\/tr\/index.php?rest_route=\/wp\/v2\/posts\/298869","targetHints":{"allow":["GET"]}}],"collection":[{"href":"https:\/\/archive.sana.sy\/tr\/index.php?rest_route=\/wp\/v2\/posts"}],"about":[{"href":"https:\/\/archive.sana.sy\/tr\/index.php?rest_route=\/wp\/v2\/types\/post"}],"author":[{"embeddable":true,"href":"https:\/\/archive.sana.sy\/tr\/index.php?rest_route=\/wp\/v2\/users\/36"}],"replies":[{"embeddable":true,"href":"https:\/\/archive.sana.sy\/tr\/index.php?rest_route=%2Fwp%2Fv2%2Fcomments&post=298869"}],"version-history":[{"count":1,"href":"https:\/\/archive.sana.sy\/tr\/index.php?rest_route=\/wp\/v2\/posts\/298869\/revisions"}],"predecessor-version":[{"id":298871,"href":"https:\/\/archive.sana.sy\/tr\/index.php?rest_route=\/wp\/v2\/posts\/298869\/revisions\/298871"}],"wp:featuredmedia":[{"embeddable":true,"href":"https:\/\/archive.sana.sy\/tr\/index.php?rest_route=\/wp\/v2\/media\/298870"}],"wp:attachment":[{"href":"https:\/\/archive.sana.sy\/tr\/index.php?rest_route=%2Fwp%2Fv2%2Fmedia&parent=298869"}],"wp:term":[{"taxonomy":"category","embeddable":true,"href":"https:\/\/archive.sana.sy\/tr\/index.php?rest_route=%2Fwp%2Fv2%2Fcategories&post=298869"},{"taxonomy":"post_tag","embeddable":true,"href":"https:\/\/archive.sana.sy\/tr\/index.php?rest_route=%2Fwp%2Fv2%2Ftags&post=298869"}],"curies":[{"name":"wp","href":"https:\/\/api.w.org\/{rel}","templated":true}]}}