{"id":298872,"date":"2024-03-22T08:14:48","date_gmt":"2024-03-22T05:14:48","guid":{"rendered":"https:\/\/sana.sy\/tr\/?p=298872"},"modified":"2024-03-23T11:29:54","modified_gmt":"2024-03-23T08:29:54","slug":"aksa-tufani-operasyonu-bugunun-en-one-cikan-gelismeleri-82","status":"publish","type":"post","link":"https:\/\/archive.sana.sy\/tr\/?p=298872","title":{"rendered":"Aksa Tufan\u0131 Operasyonu\u2026 Bug\u00fcn\u00fcn En \u00d6ne \u00c7\u0131kan Geli\u015fmeleri"},"content":{"rendered":"<p><strong>\u0130\u015eGAL ED\u0130LEN KUD\u00dcS (SANA) \u2013<\/strong>\u00a0Filistin direni\u015finin i\u015fgalci \u0130srail\u2019in sald\u0131rganl\u0131\u011f\u0131na yan\u0131t olarak 7 Ekim\u2019de ba\u015flatt\u0131\u011f\u0131 Aksa Tufan\u0131 Operasyonu\u2019nda \u00f6ne \u00e7\u0131kan geli\u015fmeler:<\/p>\n<ul>\n<li>Filistin medyas\u0131: Gazze&#8217;deki \u015eifa T\u0131p Kompleksi&#8217;nde \u0130srail i\u015fgalinin devam eden ku\u015fatmas\u0131 sonucu t\u0131bbi malzeme eksikli\u011fi nedeniyle 3 Filistinli hasta \u015fehit oldu.<\/li>\n<li>Filistin medyas\u0131: \u0130srail i\u015fgal u\u00e7a\u011f\u0131n\u0131n Gazze \u015eeridi&#8217;nin g\u00fcneyindeki Han Yunus&#8217;un do\u011fusunda bir grup Filistinliyi bombalamas\u0131 sonucu 3 \u015fehit.<\/li>\n<li>Refah&#8217;ta i\u015fgalcilerin evlerini bombalamas\u0131 sonucu 8 Filistinli \u00f6ld\u00fc, \u00e7ok say\u0131da ki\u015fi de yaraland\u0131.<\/li>\n<\/ul>\n<p style=\"text-align: center;\"><strong><a href=\"https:\/\/t.me\/SuriyeArapHaberAjansI\">Telegram Kanal\u0131m\u0131z\u00a0<\/a>||<a href=\"https:\/\/twitter.com\/arap_ajans\">X Platformumuz\u00a0<\/a>||<a href=\"https:\/\/www.facebook.com\/SANAHaberAjansi\/\">Facebook Sayfam\u0131z<\/a><\/strong><\/p>\n","protected":false},"excerpt":{"rendered":"<p>\u0130\u015eGAL ED\u0130LEN KUD\u00dcS (SANA) \u2013\u00a0Filistin direni\u015finin i\u015fgalci \u0130srail\u2019in sald\u0131rganl\u0131\u011f\u0131na yan\u0131t olarak 7 Ekim\u2019de ba\u015flatt\u0131\u011f\u0131 Aksa Tufan\u0131 Operasyonu\u2019nda \u00f6ne \u00e7\u0131kan geli\u015fmeler: Filistin medyas\u0131: Gazze&#8217;deki \u015eifa T\u0131p Kompleksi&#8217;nde \u0130srail i\u015fgalinin devam eden ku\u015fatmas\u0131 sonucu t\u0131bbi malzeme eksikli\u011fi nedeniyle 3 Filistinli hasta \u015fehit oldu. Filistin medyas\u0131: \u0130srail i\u015fgal u\u00e7a\u011f\u0131n\u0131n Gazze \u015eeridi&#8217;nin g\u00fcneyindeki Han Yunus&#8217;un do\u011fusunda bir grup Filistinliyi &hellip;<\/p>\n","protected":false},"author":36,"featured_media":298873,"comment_status":"closed","ping_status":"closed","sticky":false,"template":"","format":"standard","meta":{"footnotes":""},"categories":[458,459,17988],"tags":[],"class_list":["post-298872","post","type-post","status-publish","format-standard","has-post-thumbnail","","category-dunya1","category-haberler-arap-uluslararasi-politika","category-son-haberler"],"_links":{"self":[{"href":"https:\/\/archive.sana.sy\/tr\/index.php?rest_route=\/wp\/v2\/posts\/298872","targetHints":{"allow":["GET"]}}],"collection":[{"href":"https:\/\/archive.sana.sy\/tr\/index.php?rest_route=\/wp\/v2\/posts"}],"about":[{"href":"https:\/\/archive.sana.sy\/tr\/index.php?rest_route=\/wp\/v2\/types\/post"}],"author":[{"embeddable":true,"href":"https:\/\/archive.sana.sy\/tr\/index.php?rest_route=\/wp\/v2\/users\/36"}],"replies":[{"embeddable":true,"href":"https:\/\/archive.sana.sy\/tr\/index.php?rest_route=%2Fwp%2Fv2%2Fcomments&post=298872"}],"version-history":[{"count":1,"href":"https:\/\/archive.sana.sy\/tr\/index.php?rest_route=\/wp\/v2\/posts\/298872\/revisions"}],"predecessor-version":[{"id":298874,"href":"https:\/\/archive.sana.sy\/tr\/index.php?rest_route=\/wp\/v2\/posts\/298872\/revisions\/298874"}],"wp:featuredmedia":[{"embeddable":true,"href":"https:\/\/archive.sana.sy\/tr\/index.php?rest_route=\/wp\/v2\/media\/298873"}],"wp:attachment":[{"href":"https:\/\/archive.sana.sy\/tr\/index.php?rest_route=%2Fwp%2Fv2%2Fmedia&parent=298872"}],"wp:term":[{"taxonomy":"category","embeddable":true,"href":"https:\/\/archive.sana.sy\/tr\/index.php?rest_route=%2Fwp%2Fv2%2Fcategories&post=298872"},{"taxonomy":"post_tag","embeddable":true,"href":"https:\/\/archive.sana.sy\/tr\/index.php?rest_route=%2Fwp%2Fv2%2Ftags&post=298872"}],"curies":[{"name":"wp","href":"https:\/\/api.w.org\/{rel}","templated":true}]}}