{"id":29888,"date":"2015-04-17T10:58:03","date_gmt":"2015-04-17T07:58:03","guid":{"rendered":"http:\/\/www.sana.sy\/tr\/?p=29888"},"modified":"2015-04-17T10:58:03","modified_gmt":"2015-04-17T07:58:03","slug":"zoubi-suriye-halki-sehitlerini-ve-vatan-ugruna-yapilan-fedakarliklari-unutmayacak","status":"publish","type":"post","link":"https:\/\/archive.sana.sy\/tr\/?p=29888","title":{"rendered":"Zoubi: Suriye Halk\u0131 \u015eehitlerini ve Vatan U\u011fruna Yap\u0131lan Fedak\u00e2rl\u0131klar\u0131 Unutmayacak"},"content":{"rendered":"<p>LAZK\u0130YE \u2013 Enformasyon Bakan\u0131 Omran el Zoubi, Lazkiye kentinin G\u00fcney Korni\u015f b\u00f6lgesinde yer alan Spor E\u011fitim Enstit\u00fcs\u00fcnde bulunan ge\u00e7ici ikame merkezini ziyaret ederek burada bulanan ter\u00f6r ma\u011fduru ailelerin ihtiya\u00e7lar\u0131n\u0131, g\u00fcnl\u00fck ya\u015fant\u0131lar\u0131 ve durumlar\u0131 hakk\u0131nda bilgi ald\u0131.<\/p>\n<p><a href=\"http:\/\/www.sana.sy\/tr\/wp-content\/uploads\/2015\/04\/Enformasyon-Bakan\u0131-21.jpg\"><img loading=\"lazy\" decoding=\"async\" class=\" size-medium wp-image-29898 alignright\" src=\"http:\/\/www.sana.sy\/tr\/wp-content\/uploads\/2015\/04\/Enformasyon-Bakan\u0131-21-300x191.jpg\" alt=\"Enformasyon Bakan\u0131 2\" width=\"300\" height=\"191\" srcset=\"https:\/\/archive.sana.sy\/tr\/wp-content\/uploads\/2015\/04\/Enformasyon-Bakan\u0131-21-300x191.jpg 300w, https:\/\/archive.sana.sy\/tr\/wp-content\/uploads\/2015\/04\/Enformasyon-Bakan\u0131-21-150x95.jpg 150w, https:\/\/archive.sana.sy\/tr\/wp-content\/uploads\/2015\/04\/Enformasyon-Bakan\u0131-21.jpg 550w\" sizes=\"auto, (max-width: 300px) 100vw, 300px\" \/><\/a>Lazkiye valili\u011finin ge\u00e7ici ikame merkezinde bulunan ter\u00f6r ma\u011fdurlar\u0131n\u0131n ihtiya\u00e7lar\u0131n\u0131n kar\u015f\u0131lanmak i\u00e7in gerekli \u00e7abay\u0131 harcad\u0131\u011f\u0131n\u0131 g\u00f6zlemleyen Zoubi, ayr\u0131ca ter\u00f6r ma\u011fdurlar\u0131n\u0131n g\u00fcnl\u00fck ya\u015famlar\u0131nda kar\u015f\u0131la\u015ft\u0131klar\u0131 s\u0131k\u0131nt\u0131 ve zorluklarla ilgili anlat\u0131mlar\u0131n\u0131 dinledi.<\/p>\n<p>Enformasyon Bakan\u0131 Zoubi\u2019nin ziyaretine e\u015flik eden Lazkiye Valisi \u0130brahim H\u0131d\u0131r el Salim, valili\u011fin ge\u00e7ici ikame merkezleri ve buralarda ikame eden ter\u00f6r ma\u011fdurlar\u0131n\u0131n ihtiya\u00e7lar\u0131n\u0131n eksiksiz bir \u015fekilde kar\u015f\u0131lanmas\u0131yla ilgili ileriye d\u00f6n\u00fck planlar\u0131 hakk\u0131nda bilgi verdi.<\/p>\n<p>Ziyaretin ard\u0131ndan Lazkiye\u2019de El Esad K\u00fclt\u00fcr Merkezi Amfisinde d\u00fczenlenen Ulusal Kurtulu\u015f Zaferi y\u0131l d\u00f6n\u00fcm\u00fc kutlama t\u00f6renine kat\u0131lan Zoubi, t\u00f6rende bulunan gazilerimize vatan u\u011fruna sergiledikleri fedakarl\u0131klar\u0131n takdiri olarak haz\u0131rlanan onur plaketlerini takdim etti.<\/p>\n<p><a href=\"http:\/\/www.sana.sy\/tr\/wp-content\/uploads\/2015\/04\/lazkiye2.jpg\"><img loading=\"lazy\" decoding=\"async\" class=\" size-medium wp-image-29899 alignright\" src=\"http:\/\/www.sana.sy\/tr\/wp-content\/uploads\/2015\/04\/lazkiye2-300x191.jpg\" alt=\"lazkiye\" width=\"300\" height=\"191\" srcset=\"https:\/\/archive.sana.sy\/tr\/wp-content\/uploads\/2015\/04\/lazkiye2-300x191.jpg 300w, https:\/\/archive.sana.sy\/tr\/wp-content\/uploads\/2015\/04\/lazkiye2-150x95.jpg 150w, https:\/\/archive.sana.sy\/tr\/wp-content\/uploads\/2015\/04\/lazkiye2.jpg 550w\" sizes=\"auto, (max-width: 300px) 100vw, 300px\" \/><\/a>Zoubi, Suriye halk\u0131n\u0131n \u015fehitlerini ve vatan u\u011fruna sergilenen fedak\u00e2rl\u0131klar\u0131n bir zerresini bile unutmad\u0131\u011f\u0131n\u0131 ve asla unutmayaca\u011f\u0131n\u0131 ifade etti\u011fi konu\u015fmas\u0131nda ordu birliklerimizin tarih boyunca s\u00f6m\u00fcrgeye, zulme ve zalime kar\u015f\u0131 destans\u0131 direni\u015flerini \u00f6vg\u00fcl\u00fc c\u00fcmlelerle dile getirdi.<\/p>\n<p>F.B. &#8211; R.H.<\/p>\n","protected":false},"excerpt":{"rendered":"<p>LAZK\u0130YE \u2013 Enformasyon Bakan\u0131 Omran el Zoubi, Lazkiye kentinin G\u00fcney Korni\u015f b\u00f6lgesinde yer alan Spor E\u011fitim Enstit\u00fcs\u00fcnde bulunan ge\u00e7ici ikame merkezini ziyaret ederek burada bulanan ter\u00f6r ma\u011fduru ailelerin ihtiya\u00e7lar\u0131n\u0131, g\u00fcnl\u00fck ya\u015fant\u0131lar\u0131 ve durumlar\u0131 hakk\u0131nda bilgi ald\u0131. Lazkiye valili\u011finin ge\u00e7ici ikame merkezinde bulunan ter\u00f6r ma\u011fdurlar\u0131n\u0131n ihtiya\u00e7lar\u0131n\u0131n kar\u015f\u0131lanmak i\u00e7in gerekli \u00e7abay\u0131 harcad\u0131\u011f\u0131n\u0131 g\u00f6zlemleyen Zoubi, ayr\u0131ca ter\u00f6r ma\u011fdurlar\u0131n\u0131n &hellip;<\/p>\n","protected":false},"author":1,"featured_media":29897,"comment_status":"closed","ping_status":"closed","sticky":false,"template":"","format":"standard","meta":{"footnotes":""},"categories":[478],"tags":[13745,13744,13743],"class_list":["post-29888","post","type-post","status-publish","format-standard","has-post-thumbnail","","category-yerel","tag-gunluk-yasantilari-ve-durumlari-hakkinda-bilgi-aldi","tag-lazkiye-kentinin-guney-kornis-bolgesinde-yer-alan-spor-egitim-enstitusunde-bulunan-gecici-ikame-merkezini-ziyaret-ederek-burada-bulanan-teror-magduru-ailelerin-ihtiyaclarini","tag-zoubi-suriye-halki-sehitlerini-ve-vatan-ugruna-yapilan-fedakarliklari-unutmayacak-lazkiye-enformasyon-bakani-omran-el-zoubi"],"_links":{"self":[{"href":"https:\/\/archive.sana.sy\/tr\/index.php?rest_route=\/wp\/v2\/posts\/29888","targetHints":{"allow":["GET"]}}],"collection":[{"href":"https:\/\/archive.sana.sy\/tr\/index.php?rest_route=\/wp\/v2\/posts"}],"about":[{"href":"https:\/\/archive.sana.sy\/tr\/index.php?rest_route=\/wp\/v2\/types\/post"}],"author":[{"embeddable":true,"href":"https:\/\/archive.sana.sy\/tr\/index.php?rest_route=\/wp\/v2\/users\/1"}],"replies":[{"embeddable":true,"href":"https:\/\/archive.sana.sy\/tr\/index.php?rest_route=%2Fwp%2Fv2%2Fcomments&post=29888"}],"version-history":[{"count":0,"href":"https:\/\/archive.sana.sy\/tr\/index.php?rest_route=\/wp\/v2\/posts\/29888\/revisions"}],"wp:featuredmedia":[{"embeddable":true,"href":"https:\/\/archive.sana.sy\/tr\/index.php?rest_route=\/wp\/v2\/media\/29897"}],"wp:attachment":[{"href":"https:\/\/archive.sana.sy\/tr\/index.php?rest_route=%2Fwp%2Fv2%2Fmedia&parent=29888"}],"wp:term":[{"taxonomy":"category","embeddable":true,"href":"https:\/\/archive.sana.sy\/tr\/index.php?rest_route=%2Fwp%2Fv2%2Fcategories&post=29888"},{"taxonomy":"post_tag","embeddable":true,"href":"https:\/\/archive.sana.sy\/tr\/index.php?rest_route=%2Fwp%2Fv2%2Ftags&post=29888"}],"curies":[{"name":"wp","href":"https:\/\/api.w.org\/{rel}","templated":true}]}}