{"id":298988,"date":"2024-03-25T10:12:05","date_gmt":"2024-03-25T07:12:05","guid":{"rendered":"https:\/\/sana.sy\/tr\/?p=298988"},"modified":"2024-03-27T09:20:34","modified_gmt":"2024-03-27T06:20:34","slug":"lubnan-direnisi-teyhat-tepesinde-israil-dusmanini-hedef-aldi","status":"publish","type":"post","link":"https:\/\/archive.sana.sy\/tr\/?p=298988","title":{"rendered":"L\u00fcbnan Direni\u015fi Teyhat Tepesi&#8217;nde \u0130srail D\u00fc\u015fman\u0131n\u0131 Hedef Ald\u0131"},"content":{"rendered":"<p style=\"text-align: justify;\"><strong>BEYRUT (SANA)<\/strong> \u2013 L\u00fcbnan direni\u015fi bug\u00fcn L\u00fcbnan-Filistin s\u0131n\u0131r\u0131ndaki El Teyhat Tepesi&#8217;nde toplanan \u0130srail i\u015fgal askerlerini hedef ald\u0131.<\/p>\n<p style=\"text-align: justify;\">Direni\u015f, yapt\u0131\u011f\u0131 a\u00e7\u0131klamada, &#8220;Gazze \u015eeridi&#8217;ndeki kararl\u0131 Filistin halk\u0131m\u0131z\u0131n yi\u011fit ve onurlu direni\u015fine destek amac\u0131yla, sava\u015f\u00e7\u0131lar\u0131m\u0131z bu sabah El Teyhat Tepesi&#8217;nde toplanan d\u00fc\u015fman askerlerini roket silahlar\u0131 ve top mermileriyle hedef alarak, do\u011frudan isabetlere neden oldular&#8221; dedi.<\/p>\n<p style=\"text-align: center;\"><strong><a href=\"https:\/\/t.me\/SuriyeArapHaberAjansI\">Telegram Kanal\u0131m\u0131z\u00a0<\/a>||<a href=\"https:\/\/twitter.com\/arap_ajans\">X Platformumuz\u00a0<\/a>||<a href=\"https:\/\/www.facebook.com\/SANAHaberAjansi\/\">Facebook Sayfam\u0131z<\/a><\/strong><\/p>\n","protected":false},"excerpt":{"rendered":"<p>BEYRUT (SANA) \u2013 L\u00fcbnan direni\u015fi bug\u00fcn L\u00fcbnan-Filistin s\u0131n\u0131r\u0131ndaki El Teyhat Tepesi&#8217;nde toplanan \u0130srail i\u015fgal askerlerini hedef ald\u0131. Direni\u015f, yapt\u0131\u011f\u0131 a\u00e7\u0131klamada, &#8220;Gazze \u015eeridi&#8217;ndeki kararl\u0131 Filistin halk\u0131m\u0131z\u0131n yi\u011fit ve onurlu direni\u015fine destek amac\u0131yla, sava\u015f\u00e7\u0131lar\u0131m\u0131z bu sabah El Teyhat Tepesi&#8217;nde toplanan d\u00fc\u015fman askerlerini roket silahlar\u0131 ve top mermileriyle hedef alarak, do\u011frudan isabetlere neden oldular&#8221; dedi. Telegram Kanal\u0131m\u0131z\u00a0||X Platformumuz\u00a0||Facebook &hellip;<\/p>\n","protected":false},"author":39,"featured_media":298989,"comment_status":"closed","ping_status":"closed","sticky":false,"template":"","format":"standard","meta":{"footnotes":""},"categories":[458,459,17988],"tags":[],"class_list":["post-298988","post","type-post","status-publish","format-standard","has-post-thumbnail","","category-dunya1","category-haberler-arap-uluslararasi-politika","category-son-haberler"],"_links":{"self":[{"href":"https:\/\/archive.sana.sy\/tr\/index.php?rest_route=\/wp\/v2\/posts\/298988","targetHints":{"allow":["GET"]}}],"collection":[{"href":"https:\/\/archive.sana.sy\/tr\/index.php?rest_route=\/wp\/v2\/posts"}],"about":[{"href":"https:\/\/archive.sana.sy\/tr\/index.php?rest_route=\/wp\/v2\/types\/post"}],"author":[{"embeddable":true,"href":"https:\/\/archive.sana.sy\/tr\/index.php?rest_route=\/wp\/v2\/users\/39"}],"replies":[{"embeddable":true,"href":"https:\/\/archive.sana.sy\/tr\/index.php?rest_route=%2Fwp%2Fv2%2Fcomments&post=298988"}],"version-history":[{"count":1,"href":"https:\/\/archive.sana.sy\/tr\/index.php?rest_route=\/wp\/v2\/posts\/298988\/revisions"}],"predecessor-version":[{"id":298990,"href":"https:\/\/archive.sana.sy\/tr\/index.php?rest_route=\/wp\/v2\/posts\/298988\/revisions\/298990"}],"wp:featuredmedia":[{"embeddable":true,"href":"https:\/\/archive.sana.sy\/tr\/index.php?rest_route=\/wp\/v2\/media\/298989"}],"wp:attachment":[{"href":"https:\/\/archive.sana.sy\/tr\/index.php?rest_route=%2Fwp%2Fv2%2Fmedia&parent=298988"}],"wp:term":[{"taxonomy":"category","embeddable":true,"href":"https:\/\/archive.sana.sy\/tr\/index.php?rest_route=%2Fwp%2Fv2%2Fcategories&post=298988"},{"taxonomy":"post_tag","embeddable":true,"href":"https:\/\/archive.sana.sy\/tr\/index.php?rest_route=%2Fwp%2Fv2%2Ftags&post=298988"}],"curies":[{"name":"wp","href":"https:\/\/api.w.org\/{rel}","templated":true}]}}