{"id":299005,"date":"2024-03-25T11:37:56","date_gmt":"2024-03-25T08:37:56","guid":{"rendered":"https:\/\/sana.sy\/tr\/?p=299005"},"modified":"2024-03-27T09:20:39","modified_gmt":"2024-03-27T06:20:39","slug":"gazze-seridine-yonelik-devam-eden-isgal-saldirganligi-sonucu-36-sehit-2","status":"publish","type":"post","link":"https:\/\/archive.sana.sy\/tr\/?p=299005","title":{"rendered":"Gazze \u015eeridi&#8217;ne Y\u00f6nelik Devam Eden \u0130\u015fgal Sald\u0131rganl\u0131\u011f\u0131 Sonucu 36 \u015eehit"},"content":{"rendered":"<p style=\"text-align: justify;\"><strong>\u0130\u015eGAL ED\u0130LENKUD\u00dcS (SANA)<\/strong> &#8211; \u0130srail&#8217;in Gazze \u015eeridi&#8217;ne y\u00f6nelik devam eden i\u015fgal sald\u0131r\u0131s\u0131 sonucunda bug\u00fcn 36 Filistinli \u015fehit oldu, onlarcas\u0131 da yaraland\u0131.<\/p>\n<p style=\"text-align: justify;\">Filistin medyas\u0131, i\u015fgal u\u00e7aklar\u0131n\u0131n Gazze \u015eeridi&#8217;nin g\u00fcneyindeki Refah ve Han Yunus ile merkezindeki Deir el-Balah&#8217;taki evleri bombalayarak 36 Filistinlinin \u00f6l\u00fcm\u00fcne ve onlarca ki\u015finin yaralanmas\u0131na yol a\u00e7t\u0131\u011f\u0131n\u0131 bildirdi.<\/p>\n<p style=\"text-align: justify;\">\u0130\u015fgal, Gazze \u015eehri&#8217;ndeki El \u015eifa T\u0131p Kompleksi&#8217;ndeki ku\u015fatmas\u0131n\u0131 sekizinci g\u00fcn\u00fcnde de s\u00fcrd\u00fcr\u00fcyor, \u00e7evresini u\u00e7ak ve toplarla bombal\u0131yor, i\u00e7indeki yerinden edilmi\u015f kad\u0131n ve \u00e7ocuklar\u0131 tahliyeye zorluyor.<\/p>\n<p style=\"text-align: justify;\">Filistin Sa\u011fl\u0131k Bakanl\u0131\u011f\u0131 d\u00fcn, Gazze \u015eeridi&#8217;ne y\u00f6nelik 7 Ekim&#8217;den bu yana devam eden i\u015fgal sald\u0131r\u0131s\u0131nda \u00f6lenlerin say\u0131s\u0131n\u0131n 32 bin 226 \u015fehit ve 74 bin 518 yaral\u0131ya y\u00fckseldi\u011fini duyurmu\u015ftu.<\/p>\n<p style=\"text-align: center;\"><strong><a href=\"https:\/\/t.me\/SuriyeArapHaberAjansI\">Telegram Kanal\u0131m\u0131z\u00a0<\/a>||<a href=\"https:\/\/twitter.com\/arap_ajans\">X Platformumuz\u00a0<\/a>||<a href=\"https:\/\/www.facebook.com\/SANAHaberAjansi\/\">Facebook Sayfam\u0131z<\/a><\/strong><\/p>\n","protected":false},"excerpt":{"rendered":"<p>\u0130\u015eGAL ED\u0130LENKUD\u00dcS (SANA) &#8211; \u0130srail&#8217;in Gazze \u015eeridi&#8217;ne y\u00f6nelik devam eden i\u015fgal sald\u0131r\u0131s\u0131 sonucunda bug\u00fcn 36 Filistinli \u015fehit oldu, onlarcas\u0131 da yaraland\u0131. Filistin medyas\u0131, i\u015fgal u\u00e7aklar\u0131n\u0131n Gazze \u015eeridi&#8217;nin g\u00fcneyindeki Refah ve Han Yunus ile merkezindeki Deir el-Balah&#8217;taki evleri bombalayarak 36 Filistinlinin \u00f6l\u00fcm\u00fcne ve onlarca ki\u015finin yaralanmas\u0131na yol a\u00e7t\u0131\u011f\u0131n\u0131 bildirdi. \u0130\u015fgal, Gazze \u015eehri&#8217;ndeki El \u015eifa T\u0131p Kompleksi&#8217;ndeki &hellip;<\/p>\n","protected":false},"author":41,"featured_media":299006,"comment_status":"closed","ping_status":"closed","sticky":false,"template":"","format":"standard","meta":{"footnotes":""},"categories":[458,459,17988],"tags":[41055],"class_list":["post-299005","post","type-post","status-publish","format-standard","has-post-thumbnail","","category-dunya1","category-haberler-arap-uluslararasi-politika","category-son-haberler","tag-gazze-seridine-yonelik-devam-eden-isgal-saldirganligi-sonucu-36-sehit"],"_links":{"self":[{"href":"https:\/\/archive.sana.sy\/tr\/index.php?rest_route=\/wp\/v2\/posts\/299005","targetHints":{"allow":["GET"]}}],"collection":[{"href":"https:\/\/archive.sana.sy\/tr\/index.php?rest_route=\/wp\/v2\/posts"}],"about":[{"href":"https:\/\/archive.sana.sy\/tr\/index.php?rest_route=\/wp\/v2\/types\/post"}],"author":[{"embeddable":true,"href":"https:\/\/archive.sana.sy\/tr\/index.php?rest_route=\/wp\/v2\/users\/41"}],"replies":[{"embeddable":true,"href":"https:\/\/archive.sana.sy\/tr\/index.php?rest_route=%2Fwp%2Fv2%2Fcomments&post=299005"}],"version-history":[{"count":1,"href":"https:\/\/archive.sana.sy\/tr\/index.php?rest_route=\/wp\/v2\/posts\/299005\/revisions"}],"predecessor-version":[{"id":299007,"href":"https:\/\/archive.sana.sy\/tr\/index.php?rest_route=\/wp\/v2\/posts\/299005\/revisions\/299007"}],"wp:featuredmedia":[{"embeddable":true,"href":"https:\/\/archive.sana.sy\/tr\/index.php?rest_route=\/wp\/v2\/media\/299006"}],"wp:attachment":[{"href":"https:\/\/archive.sana.sy\/tr\/index.php?rest_route=%2Fwp%2Fv2%2Fmedia&parent=299005"}],"wp:term":[{"taxonomy":"category","embeddable":true,"href":"https:\/\/archive.sana.sy\/tr\/index.php?rest_route=%2Fwp%2Fv2%2Fcategories&post=299005"},{"taxonomy":"post_tag","embeddable":true,"href":"https:\/\/archive.sana.sy\/tr\/index.php?rest_route=%2Fwp%2Fv2%2Ftags&post=299005"}],"curies":[{"name":"wp","href":"https:\/\/api.w.org\/{rel}","templated":true}]}}