{"id":29901,"date":"2015-04-17T11:00:42","date_gmt":"2015-04-17T08:00:42","guid":{"rendered":"http:\/\/www.sana.sy\/tr\/?p=29901"},"modified":"2015-04-17T11:00:42","modified_gmt":"2015-04-17T08:00:42","slug":"safiye-bakanlik-fiyatlandirmanin-vatandasin-butcesine-uygun-olmasina-onem-veriyor","status":"publish","type":"post","link":"https:\/\/archive.sana.sy\/tr\/?p=29901","title":{"rendered":"Safiye: Bakanl\u0131k Fiyatland\u0131rman\u0131n Vatanda\u015f\u0131n B\u00fct\u00e7esine Uygun Olmas\u0131na \u00d6nem Veriyor"},"content":{"rendered":"<p>\u015eAM \u2013 Ticaret ve T\u00fcketiciyi Koruma Bakan\u0131 Hassan Safiye\u2019nin Bakanl\u0131k M\u00fcd\u00fcrleri, \u015eam Ticaret Odas\u0131 Ba\u015fkan\u0131 ve \u00dcyeleri ile bir araya gelerek t\u00fcccarlar\u0131n \u00e7al\u0131\u015fmalar\u0131 s\u0131ras\u0131nda kar\u015f\u0131la\u015ft\u0131klar\u0131 s\u0131k\u0131nt\u0131lar ve piyasaya s\u00fcr\u00fclen \u00fcr\u00fcnlerin fiyatland\u0131r\u0131lmas\u0131 ba\u015fl\u0131klar\u0131n\u0131 inceledi.<\/p>\n<p>Vatanda\u015flar\u0131n temel ihtiya\u00e7 malzemeleri, g\u0131da ve t\u00fcketim malzemelerini nitelikli ve uygun fiyatlarla kar\u015f\u0131lamak i\u00e7in h\u00fck\u00fcmetim m\u00fcmk\u00fcn olan b\u00fct\u00fcn \u00e7abay\u0131 harcad\u0131\u011f\u0131n\u0131 ifade eden Safiye, t\u00fcketim \u00fcr\u00fcnleri fiyatlar\u0131n\u0131n vatanda\u015f\u0131n b\u00fct\u00e7esine uygun bir \u015fekilde belirlenmesi, doland\u0131r\u0131c\u0131l\u0131k ve karaborsan\u0131n \u00f6nlenmesi i\u00e7in gerekli b\u00fct\u00fcn icraatlar\u0131n al\u0131nd\u0131\u011f\u0131n\u0131 belirtti.<\/p>\n<p>\u00d6te yandan \u015eam Ticaret Odas\u0131 Y\u00f6netim Kurulu Ba\u015fkan\u0131 \u011eassan el Kalaa, t\u00fcccarlar\u0131n d\u00f6viz kurlar\u0131ndaki hareketlilikten do\u011fan zararlar\u0131n\u0131n telafi edilmesi i\u00e7in bir y\u00f6ntem geli\u015ftirilmesi gere\u011fine dile getirdi.<\/p>\n<p>Toplant\u0131da ithal \u00fcr\u00fcnlerde t\u00fcccarlar\u0131n kar oran\u0131n\u0131n \u00e7ok d\u00fc\u015f\u00fck oldu\u011funu, Suriye liras\u0131n\u0131n de\u011fer kaybetmesi sonucu bu kar\u0131n daha da d\u00fc\u015ft\u00fc\u011f\u00fcn\u00fc ve bu nedenle zarar ettiklerini ifade eden Ticaret Odas\u0131 Y\u00f6netim Kurulu \u00dcyeleri, \u0130\u00e7 Ticaret Bakanl\u0131\u011f\u0131n\u0131n piyasadaki \u00fcr\u00fcnlerin fiyatland\u0131rmas\u0131na m\u00fcdahale etmemesi ve serbest rekabet piyasa kurallar\u0131n\u0131n uygulanmas\u0131n\u0131 talep ettiler.<\/p>\n<p>\u0130\u00e7 Ticaret ve T\u00fcketiciyi Koruma Bakanl\u0131\u011f\u0131nda Fiyatland\u0131rma Dairesi M\u00fcd\u00fcr\u00fc Vefa el \u011eazi, ithal edilen \u00fcr\u00fcnlerin fiyatland\u0131r\u0131lmas\u0131 ile ilgili problemler hakk\u0131nda bilgi vererek Merkez Bankas\u0131n\u0131n d\u00f6viz piyasas\u0131ndaki hareketlenmenin getirdi\u011fi olumsuz sonu\u00e7larla ilgili \u00e7\u00f6z\u00fcm \u00fcretme \u00e7abas\u0131nda oldu\u011funu belirtti.<\/p>\n<p>F.B. &#8211; R.H.<\/p>\n","protected":false},"excerpt":{"rendered":"<p>\u015eAM \u2013 Ticaret ve T\u00fcketiciyi Koruma Bakan\u0131 Hassan Safiye\u2019nin Bakanl\u0131k M\u00fcd\u00fcrleri, \u015eam Ticaret Odas\u0131 Ba\u015fkan\u0131 ve \u00dcyeleri ile bir araya gelerek t\u00fcccarlar\u0131n \u00e7al\u0131\u015fmalar\u0131 s\u0131ras\u0131nda kar\u015f\u0131la\u015ft\u0131klar\u0131 s\u0131k\u0131nt\u0131lar ve piyasaya s\u00fcr\u00fclen \u00fcr\u00fcnlerin fiyatland\u0131r\u0131lmas\u0131 ba\u015fl\u0131klar\u0131n\u0131 inceledi. Vatanda\u015flar\u0131n temel ihtiya\u00e7 malzemeleri, g\u0131da ve t\u00fcketim malzemelerini nitelikli ve uygun fiyatlarla kar\u015f\u0131lamak i\u00e7in h\u00fck\u00fcmetim m\u00fcmk\u00fcn olan b\u00fct\u00fcn \u00e7abay\u0131 harcad\u0131\u011f\u0131n\u0131 ifade eden &hellip;<\/p>\n","protected":false},"author":1,"featured_media":29902,"comment_status":"closed","ping_status":"closed","sticky":false,"template":"","format":"standard","meta":{"footnotes":""},"categories":[485,486],"tags":[13746,13747],"class_list":["post-29901","post","type-post","status-publish","format-standard","has-post-thumbnail","","category-is-ve-sermaye","category-haberler-is-ve-sermaye","tag-safiye-bakanlik-fiyatlandirmanin-vatandasin-butcesine-uygun-olmasina-onem-veriyor-sam-ticaret-ve-tuketiciyi-koruma-bakani-hassan-safiyenin-bakanlik-mudurleri","tag-sam-ticaret-odasi-baskani-ve-uyeleri-ile-bir-araya-gelerek-tuccarlarin-calismalari-sirasinda-karsilastiklari-sikintilar-ve-piyasaya-surulen-urunlerin-fiyatlandirilmasi-basliklarini-inceledi"],"_links":{"self":[{"href":"https:\/\/archive.sana.sy\/tr\/index.php?rest_route=\/wp\/v2\/posts\/29901","targetHints":{"allow":["GET"]}}],"collection":[{"href":"https:\/\/archive.sana.sy\/tr\/index.php?rest_route=\/wp\/v2\/posts"}],"about":[{"href":"https:\/\/archive.sana.sy\/tr\/index.php?rest_route=\/wp\/v2\/types\/post"}],"author":[{"embeddable":true,"href":"https:\/\/archive.sana.sy\/tr\/index.php?rest_route=\/wp\/v2\/users\/1"}],"replies":[{"embeddable":true,"href":"https:\/\/archive.sana.sy\/tr\/index.php?rest_route=%2Fwp%2Fv2%2Fcomments&post=29901"}],"version-history":[{"count":0,"href":"https:\/\/archive.sana.sy\/tr\/index.php?rest_route=\/wp\/v2\/posts\/29901\/revisions"}],"wp:featuredmedia":[{"embeddable":true,"href":"https:\/\/archive.sana.sy\/tr\/index.php?rest_route=\/wp\/v2\/media\/29902"}],"wp:attachment":[{"href":"https:\/\/archive.sana.sy\/tr\/index.php?rest_route=%2Fwp%2Fv2%2Fmedia&parent=29901"}],"wp:term":[{"taxonomy":"category","embeddable":true,"href":"https:\/\/archive.sana.sy\/tr\/index.php?rest_route=%2Fwp%2Fv2%2Fcategories&post=29901"},{"taxonomy":"post_tag","embeddable":true,"href":"https:\/\/archive.sana.sy\/tr\/index.php?rest_route=%2Fwp%2Fv2%2Ftags&post=29901"}],"curies":[{"name":"wp","href":"https:\/\/api.w.org\/{rel}","templated":true}]}}