{"id":299059,"date":"2024-03-26T18:47:00","date_gmt":"2024-03-26T15:47:00","guid":{"rendered":"https:\/\/sana.sy\/tr\/?p=299059"},"modified":"2024-03-30T10:21:56","modified_gmt":"2024-03-30T07:21:56","slug":"deyrezzor-valiligini-hedef-alan-amerikan-hava-saldirganliginda-sehit-ve-yaralilar","status":"publish","type":"post","link":"https:\/\/archive.sana.sy\/tr\/?p=299059","title":{"rendered":"Deyrezzor Valili\u011fini Hedef Alan Amerikan Hava Sald\u0131rganl\u0131\u011f\u0131nda \u015eehit Ve Yaral\u0131lar"},"content":{"rendered":"<p style=\"text-align: justify;\"><strong>\u015eAM (SANA)<\/strong> &#8211; Amerikan i\u015fgal g\u00fc\u00e7lerinin Deyrezzor Valili\u011fi&#8217;ndeki \u00e7ok say\u0131da kasaba, k\u00f6y ve askeri b\u00f6lgeye d\u00fczenledi\u011fi hava sald\u0131rganl\u0131\u011f\u0131nda \u00a07 asker ve bir sivil \u015fehit oldu, \u00e7ok say\u0131da ki\u015fi de yaraland\u0131.<\/p>\n<p style=\"text-align: justify;\">Askeri bir kaynak bug\u00fcn SANA&#8217;ya yapt\u0131\u011f\u0131 a\u00e7\u0131klamada, \u2018\u2019Bug\u00fcn \u015fafak vakti Amerikan i\u015fgal g\u00fc\u00e7leri, askeri u\u00e7aklar ve insans\u0131z hava ara\u00e7lar\u0131yla Deyrezzor Valili\u011fi ve k\u0131rsal\u0131ndaki \u00e7ok say\u0131da kasaba, k\u00f6y ve askeri b\u00f6lgeyi hedef alan bir hava sald\u0131rganl\u0131\u011f\u0131 ba\u015flatt\u0131.<\/p>\n<p style=\"text-align: justify;\">Kaynak ayr\u0131ca, sald\u0131r\u0131da 7 askeri personel ve 1 sivilin \u00f6l\u00fcm\u00fc, 19 askeri personel ve 13 sivilin yaralanmas\u0131, kamu ve \u00f6zel m\u00fclkte b\u00fcy\u00fck maddi kay\u0131plar\u0131n meydana gelmesiyle sonu\u00e7land\u0131\u011f\u0131n\u0131 belirtti.<\/p>\n<p style=\"text-align: center;\"><strong><a href=\"https:\/\/t.me\/SuriyeArapHaberAjansI\">Telegram Kanal\u0131m\u0131z\u00a0<\/a><span style=\"color: #ff0000;\">||<\/span><a href=\"https:\/\/twitter.com\/arap_ajans\">X Platformumuz\u00a0<\/a><span style=\"color: #ff0000;\">||<\/span><a href=\"https:\/\/www.facebook.com\/SANAHaberAjansi\/\">Facebook Sayfam\u0131z<\/a><\/strong><\/p>\n","protected":false},"excerpt":{"rendered":"<p>\u015eAM (SANA) &#8211; Amerikan i\u015fgal g\u00fc\u00e7lerinin Deyrezzor Valili\u011fi&#8217;ndeki \u00e7ok say\u0131da kasaba, k\u00f6y ve askeri b\u00f6lgeye d\u00fczenledi\u011fi hava sald\u0131rganl\u0131\u011f\u0131nda \u00a07 asker ve bir sivil \u015fehit oldu, \u00e7ok say\u0131da ki\u015fi de yaraland\u0131. Askeri bir kaynak bug\u00fcn SANA&#8217;ya yapt\u0131\u011f\u0131 a\u00e7\u0131klamada, \u2018\u2019Bug\u00fcn \u015fafak vakti Amerikan i\u015fgal g\u00fc\u00e7leri, askeri u\u00e7aklar ve insans\u0131z hava ara\u00e7lar\u0131yla Deyrezzor Valili\u011fi ve k\u0131rsal\u0131ndaki \u00e7ok say\u0131da &hellip;<\/p>\n","protected":false},"author":41,"featured_media":299060,"comment_status":"closed","ping_status":"closed","sticky":false,"template":"","format":"standard","meta":{"footnotes":""},"categories":[479,575,17988,478],"tags":[41063],"class_list":["post-299059","post","type-post","status-publish","format-standard","has-post-thumbnail","","category-haberler-yerel","category-olaylar-ve-gercekler","category-son-haberler","category-yerel","tag-deyrezzor-valiligini-hedef-alan-amerikan-hava-saldirganliginda-sehit-ve-yaralilar"],"_links":{"self":[{"href":"https:\/\/archive.sana.sy\/tr\/index.php?rest_route=\/wp\/v2\/posts\/299059","targetHints":{"allow":["GET"]}}],"collection":[{"href":"https:\/\/archive.sana.sy\/tr\/index.php?rest_route=\/wp\/v2\/posts"}],"about":[{"href":"https:\/\/archive.sana.sy\/tr\/index.php?rest_route=\/wp\/v2\/types\/post"}],"author":[{"embeddable":true,"href":"https:\/\/archive.sana.sy\/tr\/index.php?rest_route=\/wp\/v2\/users\/41"}],"replies":[{"embeddable":true,"href":"https:\/\/archive.sana.sy\/tr\/index.php?rest_route=%2Fwp%2Fv2%2Fcomments&post=299059"}],"version-history":[{"count":1,"href":"https:\/\/archive.sana.sy\/tr\/index.php?rest_route=\/wp\/v2\/posts\/299059\/revisions"}],"predecessor-version":[{"id":299061,"href":"https:\/\/archive.sana.sy\/tr\/index.php?rest_route=\/wp\/v2\/posts\/299059\/revisions\/299061"}],"wp:featuredmedia":[{"embeddable":true,"href":"https:\/\/archive.sana.sy\/tr\/index.php?rest_route=\/wp\/v2\/media\/299060"}],"wp:attachment":[{"href":"https:\/\/archive.sana.sy\/tr\/index.php?rest_route=%2Fwp%2Fv2%2Fmedia&parent=299059"}],"wp:term":[{"taxonomy":"category","embeddable":true,"href":"https:\/\/archive.sana.sy\/tr\/index.php?rest_route=%2Fwp%2Fv2%2Fcategories&post=299059"},{"taxonomy":"post_tag","embeddable":true,"href":"https:\/\/archive.sana.sy\/tr\/index.php?rest_route=%2Fwp%2Fv2%2Ftags&post=299059"}],"curies":[{"name":"wp","href":"https:\/\/api.w.org\/{rel}","templated":true}]}}