{"id":299064,"date":"2024-03-26T19:04:02","date_gmt":"2024-03-26T16:04:02","guid":{"rendered":"https:\/\/sana.sy\/tr\/?p=299064"},"modified":"2024-03-30T10:22:00","modified_gmt":"2024-03-30T07:22:00","slug":"suriye-ve-rusya-atom-enerjisinin-bariscil-kullanimi-alaninda-mutabakat-zapti-imzaladi","status":"publish","type":"post","link":"https:\/\/archive.sana.sy\/tr\/?p=299064","title":{"rendered":"Suriye Ve Rusya Atom Enerjisinin Bar\u0131\u015f\u00e7\u0131l Kullan\u0131m\u0131 Alan\u0131nda Mutabakat Zapt\u0131 \u0130mzalad\u0131"},"content":{"rendered":"<p style=\"text-align: justify;\"><strong>MOSKOVA <\/strong><strong>(SANA) &#8211;<\/strong> Suriye ve Rusya, bug\u00fcn So\u00e7i kentinde d\u00fczenlenen (Atom Expo 2024) forumu kapsam\u0131nda Suriye Atom Enerjisi Kurumu ile Rus \u015firketi (Rosatom) aras\u0131nda atom enerjisinin bar\u0131\u015f\u00e7\u0131l kullan\u0131m\u0131 alan\u0131nda mutabakat zapt\u0131 imzalad\u0131.<\/p>\n<p style=\"text-align: justify;\"><img loading=\"lazy\" decoding=\"async\" class=\"size-full wp-image-299066 alignright\" src=\"http:\/\/sana.sy\/tr\/wp-content\/uploads\/2024\/03\/Untitled-3-copy-27-300x158-1.jpg\" alt=\"\" width=\"300\" height=\"158\" \/>Atom Enerjisi Kurumu Direkt\u00f6r\u00fc \u0130brahim Osman, SANA&#8217;ya yapt\u0131\u011f\u0131 a\u00e7\u0131klamada, \u201cSuriye ile Rusya aras\u0131nda imzalanan atom enerjisinin bar\u0131\u015f\u00e7\u0131l ama\u00e7larla kullan\u0131lmas\u0131 alan\u0131nda i\u015fbirli\u011fi anla\u015fmas\u0131 ve enerji d\u0131\u015f\u0131 alanlarda bar\u0131\u015f\u00e7\u0131l uygulamalara ili\u015fkin mutabakat zapt\u0131 esas al\u0131narak, vu anla\u015fma i\u00e7in, t\u0131bbi kullan\u0131m ama\u00e7l\u0131 baz\u0131 radyoaktif izotoplar\u0131n ve tahribats\u0131z muayenede kullan\u0131lan baz\u0131 izotoplar\u0131n Suriye&#8217;ye tedarikini i\u00e7eren bir uygulama plan\u0131 haz\u0131rland\u0131\u2019\u2019 dedi.<\/p>\n<p style=\"text-align: justify;\">Osman ayr\u0131ca, \u2018\u2019Atom Enerjisi Komisyonu \u00fcyelerinin e\u011fitilmesi ve Komisyonun atom enerjisinin bar\u0131\u015f\u00e7\u0131l kullan\u0131m\u0131na ili\u015fkin baz\u0131 uzmanl\u0131klar\u0131 kapsayan \u00fc\u00e7 hibe almas\u0131 da kabul edildi. \u00a0Bu program kapsam\u0131nda ayr\u0131ca plazma fizi\u011fi ve atom enerjisinin bar\u0131\u015f\u00e7\u0131l kullan\u0131m\u0131na ili\u015fkin di\u011fer uygulamalar gibi di\u011fer alanlarda da i\u015fbirli\u011fi yap\u0131lmas\u0131 kararla\u015ft\u0131r\u0131ld\u0131\u2019\u2019 ifadelerini kullanarak, \u00a0Bu anla\u015fman\u0131n uzun s\u00fcredir tart\u0131\u015f\u0131ld\u0131\u011f\u0131n\u0131 ve Suriye&#8217;nin Atom Expo forumuna kat\u0131l\u0131m\u0131na paralel olarak imzaland\u0131\u011f\u0131n\u0131 belirtti.<\/p>\n<p style=\"text-align: justify;\">Rus \u015firketi ise yapt\u0131\u011f\u0131 a\u00e7\u0131klamada, &#8220;Uluslararas\u0131 Forum (Atom Expo 2024) oturum aralar\u0131nda, Suriye Arap Cumhuriyeti ile enerji ve bar\u0131\u015f\u00e7\u0131l n\u00fckleer teknolojiler alan\u0131nda i\u015fbirli\u011finin geli\u015ftirilmesine ili\u015fkin bir mutabakat zapt\u0131 imzaland\u0131&#8221; diyerek, mutabakat zabt\u0131n\u0131n enerjiyle ilgili olmayan bar\u0131\u015f\u00e7\u0131l n\u00fckleer bilimle ilgili operasyon ve \u00e7al\u0131\u015fmalar ile t\u0131pta, sanayide vb. alanlardaki n\u00fckleer ve radyasyon teknikleriyle ilgili her \u015feyi i\u00e7erdi\u011fine dikkat \u00e7ekti.<\/p>\n<p style=\"text-align: center;\"><strong><a href=\"https:\/\/t.me\/SuriyeArapHaberAjansI\">Telegram Kanal\u0131m\u0131z\u00a0<\/a>||<a href=\"https:\/\/twitter.com\/arap_ajans\">X Platformumuz\u00a0<\/a>||<a href=\"https:\/\/www.facebook.com\/SANAHaberAjansi\/\">Facebook Sayfam\u0131z<\/a><\/strong><\/p>\n","protected":false},"excerpt":{"rendered":"<p>MOSKOVA (SANA) &#8211; Suriye ve Rusya, bug\u00fcn So\u00e7i kentinde d\u00fczenlenen (Atom Expo 2024) forumu kapsam\u0131nda Suriye Atom Enerjisi Kurumu ile Rus \u015firketi (Rosatom) aras\u0131nda atom enerjisinin bar\u0131\u015f\u00e7\u0131l kullan\u0131m\u0131 alan\u0131nda mutabakat zapt\u0131 imzalad\u0131. Atom Enerjisi Kurumu Direkt\u00f6r\u00fc \u0130brahim Osman, SANA&#8217;ya yapt\u0131\u011f\u0131 a\u00e7\u0131klamada, \u201cSuriye ile Rusya aras\u0131nda imzalanan atom enerjisinin bar\u0131\u015f\u00e7\u0131l ama\u00e7larla kullan\u0131lmas\u0131 alan\u0131nda i\u015fbirli\u011fi anla\u015fmas\u0131 ve &hellip;<\/p>\n","protected":false},"author":41,"featured_media":299065,"comment_status":"closed","ping_status":"closed","sticky":false,"template":"","format":"standard","meta":{"footnotes":""},"categories":[458,459,17988],"tags":[],"class_list":["post-299064","post","type-post","status-publish","format-standard","has-post-thumbnail","","category-dunya1","category-haberler-arap-uluslararasi-politika","category-son-haberler"],"_links":{"self":[{"href":"https:\/\/archive.sana.sy\/tr\/index.php?rest_route=\/wp\/v2\/posts\/299064","targetHints":{"allow":["GET"]}}],"collection":[{"href":"https:\/\/archive.sana.sy\/tr\/index.php?rest_route=\/wp\/v2\/posts"}],"about":[{"href":"https:\/\/archive.sana.sy\/tr\/index.php?rest_route=\/wp\/v2\/types\/post"}],"author":[{"embeddable":true,"href":"https:\/\/archive.sana.sy\/tr\/index.php?rest_route=\/wp\/v2\/users\/41"}],"replies":[{"embeddable":true,"href":"https:\/\/archive.sana.sy\/tr\/index.php?rest_route=%2Fwp%2Fv2%2Fcomments&post=299064"}],"version-history":[{"count":1,"href":"https:\/\/archive.sana.sy\/tr\/index.php?rest_route=\/wp\/v2\/posts\/299064\/revisions"}],"predecessor-version":[{"id":299067,"href":"https:\/\/archive.sana.sy\/tr\/index.php?rest_route=\/wp\/v2\/posts\/299064\/revisions\/299067"}],"wp:featuredmedia":[{"embeddable":true,"href":"https:\/\/archive.sana.sy\/tr\/index.php?rest_route=\/wp\/v2\/media\/299065"}],"wp:attachment":[{"href":"https:\/\/archive.sana.sy\/tr\/index.php?rest_route=%2Fwp%2Fv2%2Fmedia&parent=299064"}],"wp:term":[{"taxonomy":"category","embeddable":true,"href":"https:\/\/archive.sana.sy\/tr\/index.php?rest_route=%2Fwp%2Fv2%2Fcategories&post=299064"},{"taxonomy":"post_tag","embeddable":true,"href":"https:\/\/archive.sana.sy\/tr\/index.php?rest_route=%2Fwp%2Fv2%2Ftags&post=299064"}],"curies":[{"name":"wp","href":"https:\/\/api.w.org\/{rel}","templated":true}]}}