{"id":299069,"date":"2024-03-27T10:06:40","date_gmt":"2024-03-27T07:06:40","guid":{"rendered":"https:\/\/sana.sy\/tr\/?p=299069"},"modified":"2024-03-30T10:22:10","modified_gmt":"2024-03-30T07:22:10","slug":"israilin-lubnanin-guneyindeki-el-habbariyeye-duzenledigi-baskinda-yedi-saglik-gorevlisi-sehit-dustu","status":"publish","type":"post","link":"https:\/\/archive.sana.sy\/tr\/?p=299069","title":{"rendered":"\u0130srail&#8217;in L\u00fcbnan&#8217;\u0131n G\u00fcneyindeki El Habbariye&#8217;ye D\u00fczenledi\u011fi Bask\u0131nda Yedi Sa\u011fl\u0131k G\u00f6revlisi \u015eehit D\u00fc\u015ft\u00fc"},"content":{"rendered":"<p style=\"text-align: justify;\"><strong>BEYRUT (SANA) \u2013 <\/strong>\u0130srail&#8217;in bug\u00fcn \u015fafak vakti L\u00fcbnan&#8217;\u0131n g\u00fcneyindeki El Habbariye k\u00f6y\u00fcndeki acil durum merkezini hedef alan d\u00fc\u015fmanca hava sald\u0131r\u0131s\u0131 sonucu yedi sa\u011fl\u0131k g\u00f6revlisi \u015fehit d\u00fc\u015ft\u00fc.<\/p>\n<p style=\"text-align: justify;\">L\u00fcbnan medyas\u0131, L\u00fcbnan Ambulans Derne\u011fi&#8217;nin yapt\u0131\u011f\u0131 a\u00e7\u0131klamada, &#8220;Bask\u0131n, Hebbariye&#8217;de, kendi g\u00f6zetimi alt\u0131nda olan Acil Durum ve Yard\u0131m Servisi taraf\u0131ndan kullan\u0131lan bir binaya bask\u0131n d\u00fczenlendi&#8221; diyerek, &#8220;Bu hedeflemeyi t\u00fcm standartlara g\u00f6re i\u011fren\u00e7 bir su\u00e7, uluslararas\u0131 yasa ve s\u00f6zle\u015fmelerin a\u00e7\u0131k bir ihlali olarak g\u00f6r\u00fcyoruz ve bu su\u00e7u i\u015fleyen taraf\u0131 tamamen sorumlu tutuyoruz&#8221; dedi.<\/p>\n<p style=\"text-align: justify;\">Dernekten bir yetkili ise: Hedef vuruldu\u011funda acil durum merkezinde ondan fazla sa\u011fl\u0131k g\u00f6revlisi bulunuyordu ve enkaz alt\u0131ndan cesetlerin \u00e7\u0131kar\u0131ld\u0131\u011f\u0131na dikkat \u00e7ekti.<\/p>\n<p style=\"text-align: center;\"><strong><a href=\"https:\/\/t.me\/SuriyeArapHaberAjansI\">Telegram Kanal\u0131m\u0131z\u00a0<\/a>||<a href=\"https:\/\/twitter.com\/arap_ajans\">X Platformumuz\u00a0<\/a>||<a href=\"https:\/\/www.facebook.com\/SANAHaberAjansi\/\">Facebook Sayfam\u0131z<\/a><\/strong><\/p>\n","protected":false},"excerpt":{"rendered":"<p>BEYRUT (SANA) \u2013 \u0130srail&#8217;in bug\u00fcn \u015fafak vakti L\u00fcbnan&#8217;\u0131n g\u00fcneyindeki El Habbariye k\u00f6y\u00fcndeki acil durum merkezini hedef alan d\u00fc\u015fmanca hava sald\u0131r\u0131s\u0131 sonucu yedi sa\u011fl\u0131k g\u00f6revlisi \u015fehit d\u00fc\u015ft\u00fc. L\u00fcbnan medyas\u0131, L\u00fcbnan Ambulans Derne\u011fi&#8217;nin yapt\u0131\u011f\u0131 a\u00e7\u0131klamada, &#8220;Bask\u0131n, Hebbariye&#8217;de, kendi g\u00f6zetimi alt\u0131nda olan Acil Durum ve Yard\u0131m Servisi taraf\u0131ndan kullan\u0131lan bir binaya bask\u0131n d\u00fczenlendi&#8221; diyerek, &#8220;Bu hedeflemeyi t\u00fcm standartlara &hellip;<\/p>\n","protected":false},"author":36,"featured_media":299070,"comment_status":"closed","ping_status":"closed","sticky":false,"template":"","format":"standard","meta":{"footnotes":""},"categories":[458,459,17988],"tags":[],"class_list":["post-299069","post","type-post","status-publish","format-standard","has-post-thumbnail","","category-dunya1","category-haberler-arap-uluslararasi-politika","category-son-haberler"],"_links":{"self":[{"href":"https:\/\/archive.sana.sy\/tr\/index.php?rest_route=\/wp\/v2\/posts\/299069","targetHints":{"allow":["GET"]}}],"collection":[{"href":"https:\/\/archive.sana.sy\/tr\/index.php?rest_route=\/wp\/v2\/posts"}],"about":[{"href":"https:\/\/archive.sana.sy\/tr\/index.php?rest_route=\/wp\/v2\/types\/post"}],"author":[{"embeddable":true,"href":"https:\/\/archive.sana.sy\/tr\/index.php?rest_route=\/wp\/v2\/users\/36"}],"replies":[{"embeddable":true,"href":"https:\/\/archive.sana.sy\/tr\/index.php?rest_route=%2Fwp%2Fv2%2Fcomments&post=299069"}],"version-history":[{"count":2,"href":"https:\/\/archive.sana.sy\/tr\/index.php?rest_route=\/wp\/v2\/posts\/299069\/revisions"}],"predecessor-version":[{"id":299093,"href":"https:\/\/archive.sana.sy\/tr\/index.php?rest_route=\/wp\/v2\/posts\/299069\/revisions\/299093"}],"wp:featuredmedia":[{"embeddable":true,"href":"https:\/\/archive.sana.sy\/tr\/index.php?rest_route=\/wp\/v2\/media\/299070"}],"wp:attachment":[{"href":"https:\/\/archive.sana.sy\/tr\/index.php?rest_route=%2Fwp%2Fv2%2Fmedia&parent=299069"}],"wp:term":[{"taxonomy":"category","embeddable":true,"href":"https:\/\/archive.sana.sy\/tr\/index.php?rest_route=%2Fwp%2Fv2%2Fcategories&post=299069"},{"taxonomy":"post_tag","embeddable":true,"href":"https:\/\/archive.sana.sy\/tr\/index.php?rest_route=%2Fwp%2Fv2%2Ftags&post=299069"}],"curies":[{"name":"wp","href":"https:\/\/api.w.org\/{rel}","templated":true}]}}