{"id":299088,"date":"2024-03-26T23:39:04","date_gmt":"2024-03-26T20:39:04","guid":{"rendered":"https:\/\/sana.sy\/tr\/?p=299088"},"modified":"2024-03-27T15:40:08","modified_gmt":"2024-03-27T12:40:08","slug":"buyukelci-ali-ahmed-suriye-golani-yeniden-tesis-etme-konusundaki-devredilemez-hakkini-vurguluyor","status":"publish","type":"post","link":"https:\/\/archive.sana.sy\/tr\/?p=299088","title":{"rendered":"B\u00fcy\u00fckel\u00e7i Ali Ahmed: Suriye, Golan&#8217;\u0131 Yeniden Tesis Etme Konusundaki Devredilemez Hakk\u0131n\u0131 Vurguluyor"},"content":{"rendered":"<p style=\"text-align: justify;\"><strong>CENEVRE (SANA)<\/strong> &#8211; Suriye&#8217;nin Birle\u015fmi\u015f Milletler Ofisi ve Cenevre&#8217;de \u00e7al\u0131\u015fan di\u011fer uluslararas\u0131 kurulu\u015flar nezdindeki Daimi Temsilcisi B\u00fcy\u00fckel\u00e7i Haider Ali Ahmed, Suriye&#8217;nin i\u015fgal alt\u0131ndaki Suriye Golan&#8217;\u0131n\u0131 geri alma konusundaki devredilemez hakk\u0131n\u0131 bir kez daha do\u011frulayarak, \u0130srail i\u015fgal \u00f6rg\u00fct\u00fcn\u00fcn cezas\u0131z kalmas\u0131n\u0131n, onu k\u00fcresel bar\u0131\u015f ve g\u00fcvenli\u011fe tehdit olu\u015fturan su\u00e7 ve ter\u00f6r sald\u0131r\u0131lar\u0131n\u0131 s\u00fcrd\u00fcrmeye te\u015fvik etti\u011fine dikkat \u00e7ekti.<\/p>\n<p style=\"text-align: justify;\">B\u00fcy\u00fckel\u00e7i Ali Ahmed, \u0130nsan Haklar\u0131 Konseyi&#8217;nin elli be\u015finci oturumu \u00f6ncesinde yapt\u0131\u011f\u0131 a\u00e7\u0131klamada, \u00a0Suriye&#8217;nin, \u0130srail i\u015fgalinin su\u00e7lular\u0131n\u0131 ve i\u015fgal alt\u0131ndaki Filistin&#8217;de daha fazla katliam ve kan d\u00f6k\u00fclmesi i\u00e7in onlara siyasi haber, askeri ve ekonomik destek sa\u011flayan herkesi kategorik olarak k\u0131nad\u0131\u011f\u0131n\u0131 vurgulad\u0131.<\/p>\n<p style=\"text-align: justify;\">Suriye&#8217;nin Birle\u015fmi\u015f Milletler Cenevre Ofisi&#8217;ndeki daimi temsilcisi, i\u015fgalci \u0130srail\u2019in i\u015fgal alt\u0131ndaki Suriye Golan&#8217;\u0131ndaki i\u015fgalini s\u00fcrd\u00fcrme ve yasad\u0131\u015f\u0131 ilhak plan\u0131n\u0131 istikrara kavu\u015fturmak i\u00e7in co\u011frafi ve demografik ger\u00e7ekler yaratma giri\u015fimlerini s\u00fcrd\u00fcrd\u00fc\u011f\u00fcn\u00fc belirtti.<\/p>\n<p style=\"text-align: justify;\">Ali Ahmed a\u00e7\u0131klamas\u0131nda ayr\u0131ca, \u00a0apartheid temelli s\u00f6m\u00fcrgeci yerle\u015fimci i\u015fgalinin giderek daha ac\u0131mas\u0131z ve kanl\u0131 hale gelen su\u00e7lar\u0131n\u0131n, baz\u0131 \u00fclkeleri bu i\u015fgali desteklemekten ve su\u00e7lar\u0131na gerek\u00e7e g\u00f6stermekten cayd\u0131rmad\u0131\u011f\u0131na dikkat \u00e7ekti.<\/p>\n<p style=\"text-align: justify;\">Ali Ahmed a\u00e7\u0131klamas\u0131nda da , uluslararas\u0131 hukuka \u00f6nem veren ve ciddi, sistematik, uzun vadeli ve benzeri g\u00f6r\u00fclmemi\u015f insan haklar\u0131 ihlallerine yol a\u00e7an bir i\u015fgale son vermeyi ama\u00e7layan Yedinci Madde g\u00f6r\u00fc\u015fmelerine kat\u0131lan \u00fclkelere te\u015fekk\u00fcrlerini iletti.<\/p>\n<p style=\"text-align: center;\"><strong><a href=\"https:\/\/t.me\/SuriyeArapHaberAjansI\">Telegram Kanal\u0131m\u0131z\u00a0<\/a>||<a href=\"https:\/\/twitter.com\/arap_ajans\">X Platformumuz\u00a0<\/a>||<a href=\"https:\/\/www.facebook.com\/SANAHaberAjansi\/\">Facebook Sayfam\u0131z<\/a><\/strong><\/p>\n<p style=\"text-align: justify;\">\n","protected":false},"excerpt":{"rendered":"<p>CENEVRE (SANA) &#8211; Suriye&#8217;nin Birle\u015fmi\u015f Milletler Ofisi ve Cenevre&#8217;de \u00e7al\u0131\u015fan di\u011fer uluslararas\u0131 kurulu\u015flar nezdindeki Daimi Temsilcisi B\u00fcy\u00fckel\u00e7i Haider Ali Ahmed, Suriye&#8217;nin i\u015fgal alt\u0131ndaki Suriye Golan&#8217;\u0131n\u0131 geri alma konusundaki devredilemez hakk\u0131n\u0131 bir kez daha do\u011frulayarak, \u0130srail i\u015fgal \u00f6rg\u00fct\u00fcn\u00fcn cezas\u0131z kalmas\u0131n\u0131n, onu k\u00fcresel bar\u0131\u015f ve g\u00fcvenli\u011fe tehdit olu\u015fturan su\u00e7 ve ter\u00f6r sald\u0131r\u0131lar\u0131n\u0131 s\u00fcrd\u00fcrmeye te\u015fvik etti\u011fine dikkat \u00e7ekti. &hellip;<\/p>\n","protected":false},"author":41,"featured_media":299089,"comment_status":"closed","ping_status":"closed","sticky":false,"template":"","format":"standard","meta":{"footnotes":""},"categories":[458,479,459,17988,478],"tags":[41068,41069],"class_list":["post-299088","post","type-post","status-publish","format-standard","has-post-thumbnail","","category-dunya1","category-haberler-yerel","category-haberler-arap-uluslararasi-politika","category-son-haberler","category-yerel","tag-buyukelci-ali-ahmed-suriye","tag-golani-yeniden-tesis-etme-konusundaki-devredilemez-hakkini-vurguluyor"],"_links":{"self":[{"href":"https:\/\/archive.sana.sy\/tr\/index.php?rest_route=\/wp\/v2\/posts\/299088","targetHints":{"allow":["GET"]}}],"collection":[{"href":"https:\/\/archive.sana.sy\/tr\/index.php?rest_route=\/wp\/v2\/posts"}],"about":[{"href":"https:\/\/archive.sana.sy\/tr\/index.php?rest_route=\/wp\/v2\/types\/post"}],"author":[{"embeddable":true,"href":"https:\/\/archive.sana.sy\/tr\/index.php?rest_route=\/wp\/v2\/users\/41"}],"replies":[{"embeddable":true,"href":"https:\/\/archive.sana.sy\/tr\/index.php?rest_route=%2Fwp%2Fv2%2Fcomments&post=299088"}],"version-history":[{"count":1,"href":"https:\/\/archive.sana.sy\/tr\/index.php?rest_route=\/wp\/v2\/posts\/299088\/revisions"}],"predecessor-version":[{"id":299090,"href":"https:\/\/archive.sana.sy\/tr\/index.php?rest_route=\/wp\/v2\/posts\/299088\/revisions\/299090"}],"wp:featuredmedia":[{"embeddable":true,"href":"https:\/\/archive.sana.sy\/tr\/index.php?rest_route=\/wp\/v2\/media\/299089"}],"wp:attachment":[{"href":"https:\/\/archive.sana.sy\/tr\/index.php?rest_route=%2Fwp%2Fv2%2Fmedia&parent=299088"}],"wp:term":[{"taxonomy":"category","embeddable":true,"href":"https:\/\/archive.sana.sy\/tr\/index.php?rest_route=%2Fwp%2Fv2%2Fcategories&post=299088"},{"taxonomy":"post_tag","embeddable":true,"href":"https:\/\/archive.sana.sy\/tr\/index.php?rest_route=%2Fwp%2Fv2%2Ftags&post=299088"}],"curies":[{"name":"wp","href":"https:\/\/api.w.org\/{rel}","templated":true}]}}