{"id":299094,"date":"2024-03-27T17:14:58","date_gmt":"2024-03-27T14:14:58","guid":{"rendered":"https:\/\/sana.sy\/tr\/?p=299094"},"modified":"2024-03-29T09:25:35","modified_gmt":"2024-03-29T06:25:35","slug":"silahli-kuvvetlerimiz-idlib-ve-halep-kirsalinda-teror-saldirisina-karsilik-verdi","status":"publish","type":"post","link":"https:\/\/archive.sana.sy\/tr\/?p=299094","title":{"rendered":"Silahl\u0131 Kuvvetlerimiz \u0130dlib Ve Halep K\u0131rsal\u0131nda Ter\u00f6r Sald\u0131r\u0131s\u0131na Kar\u015f\u0131l\u0131k Verdi"},"content":{"rendered":"<p style=\"text-align: justify;\"><strong>\u0130DL\u0130B VE HALEP<\/strong> &#8211; \u00a0Silahl\u0131 kuvvetlerimizin \u0130dlib ve Halep k\u0131rsal\u0131nda faaliyet g\u00f6steren birimler, ter\u00f6r gruplar\u0131n\u0131n d\u00fczenledi\u011fi sald\u0131r\u0131ya kar\u015f\u0131l\u0131k verdi.<\/p>\n<p style=\"text-align: justify;\">Askeri bir kaynak bug\u00fcn SANA&#8217;ya yapt\u0131\u011f\u0131 a\u00e7\u0131klamada, \u2018\u2019 \u0130dlib&#8217;in g\u00fcney k\u0131rsal\u0131ndaki Kafir Nubl istikametinde faaliyet g\u00f6steren silahl\u0131 kuvvetlerimize ba\u011fl\u0131 birlikler, d\u00fcn ak\u015fam saatlerinde ter\u00f6r gruplar\u0131n\u0131n \u0130ftar saatinde askeri noktalar\u0131m\u0131za yo\u011fun roket at\u0131\u015flar\u0131yla e\u015fzamanl\u0131 olarak \u00a0\u00e7ok say\u0131da d\u00fczenledi\u011fi \u015fiddetli sald\u0131r\u0131ya uygun g\u00fc\u00e7 ve ate\u015f ara\u00e7lar\u0131yla kar\u015f\u0131l\u0131k verdi\u2019\u2019 dedi.<\/p>\n<p style=\"text-align: justify;\">Kaynak a\u00e7\u0131klamas\u0131nda ayr\u0131ca, \u2018\u2019G\u00fc\u00e7lerimiz sald\u0131r\u0131y\u0131 engellemeyi ba\u015fararak, sald\u0131ran ter\u00f6ristlerden onlarca ki\u015finin \u00f6l\u00fcm\u00fcne ve yaralanmas\u0131na neden olmu\u015f, silah ve te\u00e7hizatlar\u0131n\u0131 imha etmi\u015f, \u00e7ok say\u0131da cesede kavu\u015fmu\u015ftur\u2019\u2019 ifadelerini kulland\u0131.<\/p>\n<p style=\"text-align: justify;\">Kaynak a\u00e7\u0131klamas\u0131n\u0131 \u015fu ifadelerle tamamlad\u0131: \u2018\u2019 Silahl\u0131 kuvvetlerimizden bir birlik de Halep&#8217;in kuzey k\u0131rsal\u0131ndaki askeri noktalar\u0131m\u0131za y\u00f6nelik ter\u00f6r \u00f6rg\u00fct\u00fcn\u00fcn sald\u0131r\u0131s\u0131na kar\u015f\u0131l\u0131k vermi\u015f, mensuplar\u0131n\u0131 \u00f6l\u00fc ve yaral\u0131 b\u0131rakm\u0131\u015f, bir mensupunu da tutuklayabilmi\u015ftir.\u2019\u2019<\/p>\n<p style=\"text-align: center;\"><strong><a href=\"https:\/\/t.me\/SuriyeArapHaberAjansI\">Telegram Kanal\u0131m\u0131z\u00a0<\/a><span style=\"color: #ff0000;\">||<\/span><a href=\"https:\/\/twitter.com\/arap_ajans\">X Platformumuz\u00a0<\/a><span style=\"color: #ff0000;\">||<\/span><a href=\"https:\/\/www.facebook.com\/SANAHaberAjansi\/\">Facebook Sayfam\u0131z<\/a><\/strong><\/p>\n","protected":false},"excerpt":{"rendered":"<p>\u0130DL\u0130B VE HALEP &#8211; \u00a0Silahl\u0131 kuvvetlerimizin \u0130dlib ve Halep k\u0131rsal\u0131nda faaliyet g\u00f6steren birimler, ter\u00f6r gruplar\u0131n\u0131n d\u00fczenledi\u011fi sald\u0131r\u0131ya kar\u015f\u0131l\u0131k verdi. Askeri bir kaynak bug\u00fcn SANA&#8217;ya yapt\u0131\u011f\u0131 a\u00e7\u0131klamada, \u2018\u2019 \u0130dlib&#8217;in g\u00fcney k\u0131rsal\u0131ndaki Kafir Nubl istikametinde faaliyet g\u00f6steren silahl\u0131 kuvvetlerimize ba\u011fl\u0131 birlikler, d\u00fcn ak\u015fam saatlerinde ter\u00f6r gruplar\u0131n\u0131n \u0130ftar saatinde askeri noktalar\u0131m\u0131za yo\u011fun roket at\u0131\u015flar\u0131yla e\u015fzamanl\u0131 olarak \u00a0\u00e7ok say\u0131da &hellip;<\/p>\n","protected":false},"author":41,"featured_media":299095,"comment_status":"closed","ping_status":"closed","sticky":false,"template":"","format":"standard","meta":{"footnotes":""},"categories":[479,575,17988,478],"tags":[41070],"class_list":["post-299094","post","type-post","status-publish","format-standard","has-post-thumbnail","","category-haberler-yerel","category-olaylar-ve-gercekler","category-son-haberler","category-yerel","tag-silahli-kuvvetlerimiz-idlib-ve-halep-kirsalinda-teror-saldirisina-karsilik-verdi"],"_links":{"self":[{"href":"https:\/\/archive.sana.sy\/tr\/index.php?rest_route=\/wp\/v2\/posts\/299094","targetHints":{"allow":["GET"]}}],"collection":[{"href":"https:\/\/archive.sana.sy\/tr\/index.php?rest_route=\/wp\/v2\/posts"}],"about":[{"href":"https:\/\/archive.sana.sy\/tr\/index.php?rest_route=\/wp\/v2\/types\/post"}],"author":[{"embeddable":true,"href":"https:\/\/archive.sana.sy\/tr\/index.php?rest_route=\/wp\/v2\/users\/41"}],"replies":[{"embeddable":true,"href":"https:\/\/archive.sana.sy\/tr\/index.php?rest_route=%2Fwp%2Fv2%2Fcomments&post=299094"}],"version-history":[{"count":2,"href":"https:\/\/archive.sana.sy\/tr\/index.php?rest_route=\/wp\/v2\/posts\/299094\/revisions"}],"predecessor-version":[{"id":299104,"href":"https:\/\/archive.sana.sy\/tr\/index.php?rest_route=\/wp\/v2\/posts\/299094\/revisions\/299104"}],"wp:featuredmedia":[{"embeddable":true,"href":"https:\/\/archive.sana.sy\/tr\/index.php?rest_route=\/wp\/v2\/media\/299095"}],"wp:attachment":[{"href":"https:\/\/archive.sana.sy\/tr\/index.php?rest_route=%2Fwp%2Fv2%2Fmedia&parent=299094"}],"wp:term":[{"taxonomy":"category","embeddable":true,"href":"https:\/\/archive.sana.sy\/tr\/index.php?rest_route=%2Fwp%2Fv2%2Fcategories&post=299094"},{"taxonomy":"post_tag","embeddable":true,"href":"https:\/\/archive.sana.sy\/tr\/index.php?rest_route=%2Fwp%2Fv2%2Ftags&post=299094"}],"curies":[{"name":"wp","href":"https:\/\/api.w.org\/{rel}","templated":true}]}}