{"id":299122,"date":"2024-03-28T14:30:11","date_gmt":"2024-03-28T11:30:11","guid":{"rendered":"https:\/\/sana.sy\/tr\/?p=299122"},"modified":"2024-03-30T10:18:56","modified_gmt":"2024-03-30T07:18:56","slug":"sosyal-isler-ve-calisma-bakanligi-dgp-ile-sosyal-koruma-sisteminin-guclendirilmesine-yonelik-mutabakat-zapti-imzaladi","status":"publish","type":"post","link":"https:\/\/archive.sana.sy\/tr\/?p=299122","title":{"rendered":"Sosyal \u0130\u015fler Ve \u00c7al\u0131\u015fma Bakanl\u0131\u011f\u0131, DGP ile Sosyal Koruma Sisteminin G\u00fc\u00e7lendirilmesine Y\u00f6nelik Mutabakat Zapt\u0131 \u0130mzalad\u0131"},"content":{"rendered":"<p style=\"text-align: justify;\"><strong>\u015eAM (SANA)<\/strong> &#8211; Bug\u00fcn Sosyal \u0130\u015fler ve \u00c7al\u0131\u015fma Bakanl\u0131\u011f\u0131, D\u00fcnya G\u0131da Program\u0131 ile Suriye&#8217;deki sosyal g\u00fcvenlik a\u011f\u0131 programlar\u0131n\u0131n ve sosyal koruma sisteminin g\u00fc\u00e7lendirilmesine ili\u015fkin \u00e7e\u015fitli alanlarda i\u015fbirli\u011fine y\u00f6nelik bir mutabakat zapt\u0131 imzalad\u0131.<img decoding=\"async\" class=\"alignright\" src=\"http:\/\/sana.sy\/wp-content\/uploads\/2024\/03\/WAS1779-300x200.jpg\" \/><\/p>\n<p style=\"text-align: justify;\">Sosyal \u0130\u015fler ve \u00c7al\u0131\u015fma Bakan\u0131 Luey El M\u00fcncid ve D\u00fcnya G\u0131da Program\u0131&#8217;n\u0131n Suriye \u00dclke Direkt\u00f6r\u00fc Kenneth Crossley taraf\u0131ndan imzalanan mutabakat, belirli k\u0131r\u0131lganl\u0131k durumlar\u0131ndan muzdarip aileleri desteklemeyi ve engelli bireyleri de kapsamay\u0131 ama\u00e7l\u0131yor.<\/p>\n<p style=\"text-align: justify;\">Mutabakat, yararlan\u0131c\u0131lara ili\u015fkin ulusal bir veri taban\u0131n\u0131n olu\u015fturulmas\u0131n\u0131 ve y\u00f6netilmesini, k\u0131r\u0131lganl\u0131\u011f\u0131n analiz edilmesini, hedef al\u0131nmas\u0131n\u0131, izlenmesini, kan\u0131ta dayal\u0131 k\u0131r\u0131lganl\u0131k kriterlerine g\u00f6re yetkilerin belirlenmesini ve yard\u0131m sa\u011flamak i\u00e7in bir mekanizma tasarlanmas\u0131n\u0131 i\u00e7eriyor.<\/p>\n<p style=\"text-align: justify;\">Bakan El M\u00fcncid gazetecilere yapt\u0131\u011f\u0131 a\u00e7\u0131klamada, mutabakat\u0131n amac\u0131n\u0131n, bakanl\u0131\u011f\u0131n \u00e7abalar\u0131n\u0131 destekleyecek ve ihtiya\u00e7 duydu\u011fu uzmanl\u0131\u011f\u0131 art\u0131racak sosyal koruma a\u011flar\u0131n\u0131n Suriye&#8217;de kurulmas\u0131 konusunda program\u0131n sahip oldu\u011fu deneyimlerden yararlanmak oldu\u011funu belirterek, sistemin tamamen ulusal uzmanl\u0131kla in\u015fa edilece\u011fini ve Suriye halk\u0131n\u0131n ihtiya\u00e7lar\u0131na uygun bir \u015fekilde in\u015fa edilece\u011fine dikkat \u00e7ekti.<img decoding=\"async\" class=\"alignright\" src=\"http:\/\/sana.sy\/wp-content\/uploads\/2024\/03\/WAS1797-300x200.jpg\" \/><\/p>\n<p style=\"text-align: justify;\">Bakan M\u00fcncid ayr\u0131ca, mutabakat\u0131n, desteklerin da\u011f\u0131t\u0131lmas\u0131 ve yararlan\u0131c\u0131lara sa\u011flanan hizmet ve deste\u011fin s\u00fcrd\u00fcr\u00fclebilirli\u011fini ve y\u00fcksek kalitede s\u00fcrd\u00fcr\u00fclebilirli\u011fini sa\u011flayacak \u015fekilde a\u015famal\u0131 a\u015famalar yoluyla ula\u015fma \u00e7abalar\u0131n\u0131 art\u0131rd\u0131\u011f\u0131na dikkat \u00e7ekti.<\/p>\n<p style=\"text-align: justify;\">Kenneth Crossley ise program\u0131n bakanl\u0131\u011f\u0131n hedef gruplara yard\u0131m ve destek sa\u011flama \u00e7abalar\u0131na destek verece\u011fini belirtirken, Suriye halk\u0131n\u0131n kar\u015f\u0131 kar\u015f\u0131ya oldu\u011fu zor ko\u015fullar\u0131n daha fazla yard\u0131m ve \u00e7e\u015fitli hassas gruplara eri\u015fim gerektirdi\u011fine i\u015faret etti.<\/p>\n<div id='gallery-1' class='gallery galleryid-299122 gallery-columns-3 gallery-size-full'><figure class='gallery-item'>\n\t\t\t<div class='gallery-icon landscape'>\n\t\t\t\t<a href='https:\/\/archive.sana.sy\/tr\/?attachment_id=299123'><img loading=\"lazy\" decoding=\"async\" width=\"660\" height=\"440\" src=\"https:\/\/archive.sana.sy\/tr\/wp-content\/uploads\/2024\/03\/WAS1803.jpg\" class=\"attachment-full size-full\" alt=\"\" srcset=\"https:\/\/archive.sana.sy\/tr\/wp-content\/uploads\/2024\/03\/WAS1803.jpg 660w, https:\/\/archive.sana.sy\/tr\/wp-content\/uploads\/2024\/03\/WAS1803-300x200.jpg 300w\" sizes=\"auto, (max-width: 660px) 100vw, 660px\" \/><\/a>\n\t\t\t<\/div><\/figure><figure class='gallery-item'>\n\t\t\t<div class='gallery-icon landscape'>\n\t\t\t\t<a href='https:\/\/archive.sana.sy\/tr\/?attachment_id=299124'><img loading=\"lazy\" decoding=\"async\" width=\"660\" height=\"404\" src=\"https:\/\/archive.sana.sy\/tr\/wp-content\/uploads\/2024\/03\/WAS1753.jpg\" class=\"attachment-full size-full\" alt=\"\" srcset=\"https:\/\/archive.sana.sy\/tr\/wp-content\/uploads\/2024\/03\/WAS1753.jpg 660w, https:\/\/archive.sana.sy\/tr\/wp-content\/uploads\/2024\/03\/WAS1753-300x184.jpg 300w\" sizes=\"auto, (max-width: 660px) 100vw, 660px\" \/><\/a>\n\t\t\t<\/div><\/figure><figure class='gallery-item'>\n\t\t\t<div class='gallery-icon landscape'>\n\t\t\t\t<a href='https:\/\/archive.sana.sy\/tr\/?attachment_id=299125'><img loading=\"lazy\" decoding=\"async\" width=\"660\" height=\"381\" src=\"https:\/\/archive.sana.sy\/tr\/wp-content\/uploads\/2024\/03\/WAS1722.jpg\" class=\"attachment-full size-full\" alt=\"\" srcset=\"https:\/\/archive.sana.sy\/tr\/wp-content\/uploads\/2024\/03\/WAS1722.jpg 660w, https:\/\/archive.sana.sy\/tr\/wp-content\/uploads\/2024\/03\/WAS1722-300x173.jpg 300w\" sizes=\"auto, (max-width: 660px) 100vw, 660px\" \/><\/a>\n\t\t\t<\/div><\/figure>\n\t\t<\/div>\n\n<p style=\"text-align: center;\"><strong><a href=\"https:\/\/t.me\/SuriyeArapHaberAjansI\">Telegram Kanal\u0131m\u0131z\u00a0<\/a>||<a href=\"https:\/\/twitter.com\/arap_ajans\">X Platformumuz\u00a0<\/a>||<a href=\"https:\/\/www.facebook.com\/SANAHaberAjansi\/\">Facebook Sayfam\u0131z<\/a><\/strong><\/p>\n","protected":false},"excerpt":{"rendered":"<p>\u015eAM (SANA) &#8211; Bug\u00fcn Sosyal \u0130\u015fler ve \u00c7al\u0131\u015fma Bakanl\u0131\u011f\u0131, D\u00fcnya G\u0131da Program\u0131 ile Suriye&#8217;deki sosyal g\u00fcvenlik a\u011f\u0131 programlar\u0131n\u0131n ve sosyal koruma sisteminin g\u00fc\u00e7lendirilmesine ili\u015fkin \u00e7e\u015fitli alanlarda i\u015fbirli\u011fine y\u00f6nelik bir mutabakat zapt\u0131 imzalad\u0131. Sosyal \u0130\u015fler ve \u00c7al\u0131\u015fma Bakan\u0131 Luey El M\u00fcncid ve D\u00fcnya G\u0131da Program\u0131&#8217;n\u0131n Suriye \u00dclke Direkt\u00f6r\u00fc Kenneth Crossley taraf\u0131ndan imzalanan mutabakat, belirli k\u0131r\u0131lganl\u0131k durumlar\u0131ndan &hellip;<\/p>\n","protected":false},"author":1,"featured_media":299126,"comment_status":"closed","ping_status":"closed","sticky":false,"template":"","format":"standard","meta":{"footnotes":""},"categories":[479,17988,478],"tags":[],"class_list":["post-299122","post","type-post","status-publish","format-standard","has-post-thumbnail","","category-haberler-yerel","category-son-haberler","category-yerel"],"_links":{"self":[{"href":"https:\/\/archive.sana.sy\/tr\/index.php?rest_route=\/wp\/v2\/posts\/299122","targetHints":{"allow":["GET"]}}],"collection":[{"href":"https:\/\/archive.sana.sy\/tr\/index.php?rest_route=\/wp\/v2\/posts"}],"about":[{"href":"https:\/\/archive.sana.sy\/tr\/index.php?rest_route=\/wp\/v2\/types\/post"}],"author":[{"embeddable":true,"href":"https:\/\/archive.sana.sy\/tr\/index.php?rest_route=\/wp\/v2\/users\/1"}],"replies":[{"embeddable":true,"href":"https:\/\/archive.sana.sy\/tr\/index.php?rest_route=%2Fwp%2Fv2%2Fcomments&post=299122"}],"version-history":[{"count":1,"href":"https:\/\/archive.sana.sy\/tr\/index.php?rest_route=\/wp\/v2\/posts\/299122\/revisions"}],"predecessor-version":[{"id":299127,"href":"https:\/\/archive.sana.sy\/tr\/index.php?rest_route=\/wp\/v2\/posts\/299122\/revisions\/299127"}],"wp:featuredmedia":[{"embeddable":true,"href":"https:\/\/archive.sana.sy\/tr\/index.php?rest_route=\/wp\/v2\/media\/299126"}],"wp:attachment":[{"href":"https:\/\/archive.sana.sy\/tr\/index.php?rest_route=%2Fwp%2Fv2%2Fmedia&parent=299122"}],"wp:term":[{"taxonomy":"category","embeddable":true,"href":"https:\/\/archive.sana.sy\/tr\/index.php?rest_route=%2Fwp%2Fv2%2Fcategories&post=299122"},{"taxonomy":"post_tag","embeddable":true,"href":"https:\/\/archive.sana.sy\/tr\/index.php?rest_route=%2Fwp%2Fv2%2Ftags&post=299122"}],"curies":[{"name":"wp","href":"https:\/\/api.w.org\/{rel}","templated":true}]}}