{"id":299128,"date":"2024-03-28T09:04:01","date_gmt":"2024-03-28T06:04:01","guid":{"rendered":"https:\/\/sana.sy\/tr\/?p=299128"},"modified":"2024-03-30T10:18:33","modified_gmt":"2024-03-30T07:18:33","slug":"vasingtonun-israile-yonelik-onyargisini-protesto-etmek-amaciyla-abd-disisleri-bakanligindan-ucuncu-istifa","status":"publish","type":"post","link":"https:\/\/archive.sana.sy\/tr\/?p=299128","title":{"rendered":"Va\u015fington&#8217;un \u201c\u0130srail\u201de Y\u00f6nelik \u00d6nyarg\u0131s\u0131n\u0131 Protesto Etmek Amac\u0131yla ABD D\u0131\u015fi\u015fleri Bakanl\u0131\u011f\u0131&#8217;ndan \u00dc\u00e7\u00fcnc\u00fc \u0130stifa"},"content":{"rendered":"<p style=\"text-align: justify;\"><strong>VA\u015e\u0130NGTON (SANA)<\/strong> &#8211; T\u00fcr\u00fcn\u00fcn \u00fc\u00e7\u00fcnc\u00fc ad\u0131m\u0131nda, Washington&#8217;un \u0130srail i\u015fgal varl\u0131\u011f\u0131na y\u00f6nelik s\u00fcregelen \u00f6nyarg\u0131s\u0131n\u0131 protesto etmek amac\u0131yla, ABD D\u0131\u015fi\u015fleri Bakanl\u0131\u011f\u0131&#8217;ndan \u00fcst d\u00fczey bir yetkili, Orta Do\u011fu&#8217;daki insan haklar\u0131yla ilgili d\u0131\u015f ili\u015fkilerden sorumlu g\u00f6revinden istifa etti\u011fini duyurdu.<\/p>\n<p style=\"text-align: justify;\">Amerikan gazetesi The Washington Post, An\u0131l Shilin&#8217;in, \u0130srail&#8217;in Gazze&#8217;ye y\u00f6nelik devam eden sald\u0131rganl\u0131\u011f\u0131n\u0131 ve ABD&#8217;nin i\u015fgalci yap\u0131ya silah tedarikini protesto etmek amac\u0131yla g\u00f6revinden istifa etti\u011fini bildirerek, Bu ad\u0131m\u0131n, ABD Ba\u015fkan\u0131 Joe Biden y\u00f6netiminin tamam\u0131n\u0131n \u201c\u0130srail\u201de y\u00f6nelik \u00f6nyarg\u0131s\u0131na kar\u015f\u0131 D\u0131\u015fi\u015fleri Bakanl\u0131\u011f\u0131 koridorlar\u0131nda ya\u011fan ele\u015ftiri ve protestolarla paralel gitti\u011fine dikkat \u00e7ekti.<\/p>\n<p style=\"text-align: justify;\">Shilin, \u0130srail&#8217;in Gazze&#8217;deki imha sava\u015f\u0131na Amerika&#8217;n\u0131n devam eden deste\u011fi \u0131\u015f\u0131\u011f\u0131nda art\u0131k \u00e7al\u0131\u015fmalar\u0131na devam edemeyece\u011fini a\u00e7\u0131klad\u0131\u011f\u0131 bir istifa bildirisi yay\u0131nlayarak, \u0644\u0627u konuyu ABD D\u0131\u015fi\u015fleri Bakanl\u0131\u011f\u0131&#8217;ndaki \u00e7al\u0131\u015fan forumlar\u0131nda muhalif telgraflar arac\u0131l\u0131\u011f\u0131yla dahili olarak g\u00fcndeme getirmeye \u00e7al\u0131\u015ft\u0131\u011f\u0131n\u0131 ancak sonu\u00e7ta bunun faydas\u0131z oldu\u011fu sonucuna vard\u0131\u011f\u0131n\u0131 belirtti.<\/p>\n<p style=\"text-align: center;\"><strong><a href=\"https:\/\/t.me\/SuriyeArapHaberAjansI\">Telegram Kanal\u0131m\u0131z\u00a0<\/a>||<a href=\"https:\/\/twitter.com\/arap_ajans\">X Platformumuz\u00a0<\/a>||<a href=\"https:\/\/www.facebook.com\/SANAHaberAjansi\/\">Facebook Sayfam\u0131z<\/a><\/strong><\/p>\n","protected":false},"excerpt":{"rendered":"<p>VA\u015e\u0130NGTON (SANA) &#8211; T\u00fcr\u00fcn\u00fcn \u00fc\u00e7\u00fcnc\u00fc ad\u0131m\u0131nda, Washington&#8217;un \u0130srail i\u015fgal varl\u0131\u011f\u0131na y\u00f6nelik s\u00fcregelen \u00f6nyarg\u0131s\u0131n\u0131 protesto etmek amac\u0131yla, ABD D\u0131\u015fi\u015fleri Bakanl\u0131\u011f\u0131&#8217;ndan \u00fcst d\u00fczey bir yetkili, Orta Do\u011fu&#8217;daki insan haklar\u0131yla ilgili d\u0131\u015f ili\u015fkilerden sorumlu g\u00f6revinden istifa etti\u011fini duyurdu. Amerikan gazetesi The Washington Post, An\u0131l Shilin&#8217;in, \u0130srail&#8217;in Gazze&#8217;ye y\u00f6nelik devam eden sald\u0131rganl\u0131\u011f\u0131n\u0131 ve ABD&#8217;nin i\u015fgalci yap\u0131ya silah tedarikini protesto &hellip;<\/p>\n","protected":false},"author":1,"featured_media":299129,"comment_status":"closed","ping_status":"closed","sticky":false,"template":"","format":"standard","meta":{"footnotes":""},"categories":[458,459,17988],"tags":[],"class_list":["post-299128","post","type-post","status-publish","format-standard","has-post-thumbnail","","category-dunya1","category-haberler-arap-uluslararasi-politika","category-son-haberler"],"_links":{"self":[{"href":"https:\/\/archive.sana.sy\/tr\/index.php?rest_route=\/wp\/v2\/posts\/299128","targetHints":{"allow":["GET"]}}],"collection":[{"href":"https:\/\/archive.sana.sy\/tr\/index.php?rest_route=\/wp\/v2\/posts"}],"about":[{"href":"https:\/\/archive.sana.sy\/tr\/index.php?rest_route=\/wp\/v2\/types\/post"}],"author":[{"embeddable":true,"href":"https:\/\/archive.sana.sy\/tr\/index.php?rest_route=\/wp\/v2\/users\/1"}],"replies":[{"embeddable":true,"href":"https:\/\/archive.sana.sy\/tr\/index.php?rest_route=%2Fwp%2Fv2%2Fcomments&post=299128"}],"version-history":[{"count":1,"href":"https:\/\/archive.sana.sy\/tr\/index.php?rest_route=\/wp\/v2\/posts\/299128\/revisions"}],"predecessor-version":[{"id":299130,"href":"https:\/\/archive.sana.sy\/tr\/index.php?rest_route=\/wp\/v2\/posts\/299128\/revisions\/299130"}],"wp:featuredmedia":[{"embeddable":true,"href":"https:\/\/archive.sana.sy\/tr\/index.php?rest_route=\/wp\/v2\/media\/299129"}],"wp:attachment":[{"href":"https:\/\/archive.sana.sy\/tr\/index.php?rest_route=%2Fwp%2Fv2%2Fmedia&parent=299128"}],"wp:term":[{"taxonomy":"category","embeddable":true,"href":"https:\/\/archive.sana.sy\/tr\/index.php?rest_route=%2Fwp%2Fv2%2Fcategories&post=299128"},{"taxonomy":"post_tag","embeddable":true,"href":"https:\/\/archive.sana.sy\/tr\/index.php?rest_route=%2Fwp%2Fv2%2Ftags&post=299128"}],"curies":[{"name":"wp","href":"https:\/\/api.w.org\/{rel}","templated":true}]}}