{"id":299131,"date":"2024-03-28T15:07:21","date_gmt":"2024-03-28T12:07:21","guid":{"rendered":"https:\/\/sana.sy\/tr\/?p=299131"},"modified":"2024-03-30T10:19:00","modified_gmt":"2024-03-30T07:19:00","slug":"israilin-gazze-seridine-yonelik-saldirganliginin-174uncu-gununde-62-sehit","status":"publish","type":"post","link":"https:\/\/archive.sana.sy\/tr\/?p=299131","title":{"rendered":"\u0130srail&#8217;in Gazze \u015eeridi&#8217;ne Y\u00f6nelik Sald\u0131rganl\u0131\u011f\u0131n\u0131n \u00a0174&#8217;\u00fcnc\u00fc G\u00fcn\u00fcnde 62 \u015eehit"},"content":{"rendered":"<p style=\"text-align: justify;\"><strong>\u0130\u015eGAL ED\u0130LEN KUD\u00dcS (SANA)<\/strong> &#8211; Filistin Sa\u011fl\u0131k Bakanl\u0131\u011f\u0131 bug\u00fcn yapt\u0131\u011f\u0131 a\u00e7\u0131klamada, \u0130srail i\u015fgalinin son 24 saat i\u00e7inde Gazze \u015eeridi&#8217;ndeki ailelere y\u00f6nelik 6 katliam ger\u00e7ekle\u015ftirdi\u011fini, 62 \u015fehit ve 91 yaral\u0131n\u0131n kald\u0131\u011f\u0131n\u0131 duyurdu.<\/p>\n<p style=\"text-align: justify;\">Bakanl\u0131k bug\u00fcn yapt\u0131\u011f\u0131 a\u00e7\u0131klamada, &#8221;\u0130\u015fgal, Gazze \u015eeridi&#8217;nin \u00e7e\u015fitli b\u00f6lgelerine y\u00f6nelik, saha infazlar\u0131, katliamlar, soyk\u0131r\u0131m, yerle\u015fim b\u00f6lgelerinin de dahil oldu\u011fu mahallelerin yok edilmesi dahil olmak \u00fczere \u00e7e\u015fitli \u015fekillerdeki sald\u0131r\u0131lar\u0131n\u0131 174. g\u00fcn\u00fcnde de s\u00fcrd\u00fcr\u00fcyor. Bu da ge\u00e7en Ekim ay\u0131n\u0131n 7&#8217;sinden bu yana devam eden sald\u0131r\u0131da \u00f6lenlerin say\u0131s\u0131n\u0131n 32 bin 552 \u015fehit ve 74 bin 980 yaral\u0131ya y\u00fckselmesine yol a\u00e7t\u0131&#8221; diyerek, binlerce ki\u015finin halen enkaz alt\u0131nda ve yollarda kay\u0131p oldu\u011funu, i\u015fgalin ambulans ve sivil savunma ekiplerinin bu ki\u015filere ula\u015fmas\u0131n\u0131 engelledi\u011fini belirtti.<\/p>\n<p style=\"text-align: justify;\">\u0130\u015fgal u\u00e7aklar\u0131n\u0131n Gazze \u015fehrinin do\u011fusundaki \u015eucaiye mahallesinde bir evi bombalamas\u0131 sonucu 3 Filistinli \u015fehit oldu, 20 ki\u015fi de yaraland\u0131. Ayr\u0131ca \u015fehrin merkezindeki El Rimal mahallesindeki konut binalar\u0131 ve bat\u0131s\u0131ndaki El \u015eati \u00a0kamp\u0131ndaki Hamid Caddesi \u00fczerindeki bir binay\u0131 da bombalarken, top\u00e7u El \u015eifa T\u0131p Kompleksi \u00e7evresini bombalamaya devam etti.<\/p>\n<p style=\"text-align: justify;\">Gazze \u015eeridi&#8217;nin kuzeyinde de Beyit Lahiya projesine i\u015fgal u\u00e7aklar\u0131n\u0131n d\u00fczenledi\u011fi bask\u0131nda onlarca Filistinli yaraland\u0131, Beyt Hanun kasabas\u0131 ve Jabalia kamp\u0131 ise toplarla bombaland\u0131.<\/p>\n<p style=\"text-align: justify;\">Filistin K\u0131z\u0131lay\u0131, Gazze \u015eeridi&#8217;nin kuzeyindeki Kemal Advan Hastanesi&#8217;nde yetersiz beslenme ve tedavi eksikli\u011fi nedeniyle bir \u00e7ocu\u011fun \u00f6ld\u00fc\u011f\u00fcn\u00fc duyurdu.<\/p>\n<p style=\"text-align: justify;\">Gazze \u015eeridi&#8217;nin merkezinde, i\u015fgalcilerin Zawaida b\u00f6lgesine y\u00f6nelik bombard\u0131man\u0131 sonucu bir kad\u0131n ve bir k\u0131z \u00e7ocu\u011fu \u015fehit olurken, Bureij kamp\u0131na d\u00fczenlenen benzer bombalaman\u0131n ard\u0131ndan bir \u015fehit ve \u00fc\u00e7 yaral\u0131 kurtar\u0131ld\u0131.<\/p>\n<p style=\"text-align: justify;\">\u0130\u015fgal u\u00e7a\u011f\u0131 ayn\u0131 zamanda Nuseyrat&#8217;\u0131n kuzeybat\u0131s\u0131ndaki esirlerin \u015fehrini de bombalarken, top\u00e7usu da Mu\u011fraka, El Zehra ve Deyir El Balah b\u00f6lgelerini bombalad\u0131.<\/p>\n<p style=\"text-align: justify;\">Gazze \u015eeridi&#8217;nin g\u00fcneyinde ise, Han Yunus&#8217;un kuzeyinde bir Filistinli i\u015fgal kur\u015funlar\u0131yla \u00f6ld\u00fcr\u00fcl\u00fcrken, u\u00e7aklar\u0131 \u015fehre bir dizi bask\u0131n d\u00fczenlemeye devam etti.<\/p>\n<p style=\"text-align: center;\"><strong><a href=\"https:\/\/t.me\/SuriyeArapHaberAjansI\">Telegram Kanal\u0131m\u0131z\u00a0<\/a>||<a href=\"https:\/\/twitter.com\/arap_ajans\">X Platformumuz\u00a0<\/a>||<a href=\"https:\/\/www.facebook.com\/SANAHaberAjansi\/\">Facebook Sayfam\u0131z<\/a><\/strong><\/p>\n","protected":false},"excerpt":{"rendered":"<p>\u0130\u015eGAL ED\u0130LEN KUD\u00dcS (SANA) &#8211; Filistin Sa\u011fl\u0131k Bakanl\u0131\u011f\u0131 bug\u00fcn yapt\u0131\u011f\u0131 a\u00e7\u0131klamada, \u0130srail i\u015fgalinin son 24 saat i\u00e7inde Gazze \u015eeridi&#8217;ndeki ailelere y\u00f6nelik 6 katliam ger\u00e7ekle\u015ftirdi\u011fini, 62 \u015fehit ve 91 yaral\u0131n\u0131n kald\u0131\u011f\u0131n\u0131 duyurdu. Bakanl\u0131k bug\u00fcn yapt\u0131\u011f\u0131 a\u00e7\u0131klamada, &#8221;\u0130\u015fgal, Gazze \u015eeridi&#8217;nin \u00e7e\u015fitli b\u00f6lgelerine y\u00f6nelik, saha infazlar\u0131, katliamlar, soyk\u0131r\u0131m, yerle\u015fim b\u00f6lgelerinin de dahil oldu\u011fu mahallelerin yok edilmesi dahil olmak &hellip;<\/p>\n","protected":false},"author":1,"featured_media":299132,"comment_status":"closed","ping_status":"closed","sticky":false,"template":"","format":"standard","meta":{"footnotes":""},"categories":[458,459,17988],"tags":[],"class_list":["post-299131","post","type-post","status-publish","format-standard","has-post-thumbnail","","category-dunya1","category-haberler-arap-uluslararasi-politika","category-son-haberler"],"_links":{"self":[{"href":"https:\/\/archive.sana.sy\/tr\/index.php?rest_route=\/wp\/v2\/posts\/299131","targetHints":{"allow":["GET"]}}],"collection":[{"href":"https:\/\/archive.sana.sy\/tr\/index.php?rest_route=\/wp\/v2\/posts"}],"about":[{"href":"https:\/\/archive.sana.sy\/tr\/index.php?rest_route=\/wp\/v2\/types\/post"}],"author":[{"embeddable":true,"href":"https:\/\/archive.sana.sy\/tr\/index.php?rest_route=\/wp\/v2\/users\/1"}],"replies":[{"embeddable":true,"href":"https:\/\/archive.sana.sy\/tr\/index.php?rest_route=%2Fwp%2Fv2%2Fcomments&post=299131"}],"version-history":[{"count":1,"href":"https:\/\/archive.sana.sy\/tr\/index.php?rest_route=\/wp\/v2\/posts\/299131\/revisions"}],"predecessor-version":[{"id":299133,"href":"https:\/\/archive.sana.sy\/tr\/index.php?rest_route=\/wp\/v2\/posts\/299131\/revisions\/299133"}],"wp:featuredmedia":[{"embeddable":true,"href":"https:\/\/archive.sana.sy\/tr\/index.php?rest_route=\/wp\/v2\/media\/299132"}],"wp:attachment":[{"href":"https:\/\/archive.sana.sy\/tr\/index.php?rest_route=%2Fwp%2Fv2%2Fmedia&parent=299131"}],"wp:term":[{"taxonomy":"category","embeddable":true,"href":"https:\/\/archive.sana.sy\/tr\/index.php?rest_route=%2Fwp%2Fv2%2Fcategories&post=299131"},{"taxonomy":"post_tag","embeddable":true,"href":"https:\/\/archive.sana.sy\/tr\/index.php?rest_route=%2Fwp%2Fv2%2Ftags&post=299131"}],"curies":[{"name":"wp","href":"https:\/\/api.w.org\/{rel}","templated":true}]}}