{"id":299137,"date":"2024-03-28T17:25:50","date_gmt":"2024-03-28T14:25:50","guid":{"rendered":"https:\/\/sana.sy\/tr\/?p=299137"},"modified":"2024-03-30T10:19:04","modified_gmt":"2024-03-30T07:19:04","slug":"lubnan-direnisi-dusman-israile-ait-3-yerlesim-ve-bolgeyi-hedef-aldi","status":"publish","type":"post","link":"https:\/\/archive.sana.sy\/tr\/?p=299137","title":{"rendered":"L\u00fcbnan Direni\u015fi D\u00fc\u015fman \u0130srail\u2019e Ait 3 Yerle\u015fim Yeri Ve B\u00f6lgeyi Hedef Ald\u0131"},"content":{"rendered":"<p style=\"text-align: justify;\"><strong>BEYRUT (SANA) &#8211;<\/strong> Bug\u00fcn L\u00fcbnan Direni\u015fi \u0130\u015fgal Edilen \u00a0Filistin&#8217;in Kuzeyinde D\u00fc\u015fman \u0130srail\u2019e ait 3 Yerle\u015fim Yeri Ve B\u00f6lgeyi Hedef Ald\u0131<\/p>\n<p style=\"text-align: justify;\">Direni\u015f yapt\u0131\u011f\u0131 a\u00e7\u0131klamada, \u2018\u2019Bu sabah i\u015fgal alt\u0131ndaki Filistin&#8217;in kuzeyindeki &#8220;Gorn&#8221; ve &#8220;\u015elomi&#8221; yerle\u015fimlerini f\u00fcze silahlar\u0131 ve toplarla bombalad\u0131\u2019\u2019 diyerek, bunun, &#8220;Gazze \u015eeridi&#8217;ndeki kararl\u0131 Filistin halk\u0131m\u0131za destek, onlar\u0131n cesur ve onurlu direni\u015fine destek ve \u0130srail d\u00fc\u015fman\u0131n\u0131n g\u00fcneydeki k\u00f6ylere ve sivillerin evlerine y\u00f6nelik sald\u0131r\u0131lar\u0131na yan\u0131t verme \u00e7er\u00e7evesinde&#8221; geldi\u011fini kaydetti.<\/p>\n<p style=\"text-align: justify;\">Direni\u015f, d\u00fc\u015fman kuvvetleri i\u00e7in olu\u015fturulan Liman Taburu karargah\u0131n\u0131 da top mermileriyle hedef ald\u0131.<\/p>\n<p style=\"text-align: center;\"><strong><a href=\"https:\/\/t.me\/SuriyeArapHaberAjansI\">Telegram Kanal\u0131m\u0131z\u00a0<\/a>||<a href=\"https:\/\/twitter.com\/arap_ajans\">X Platformumuz\u00a0<\/a>||<a href=\"https:\/\/www.facebook.com\/SANAHaberAjansi\/\">Facebook Sayfam\u0131z<\/a><\/strong><\/p>\n","protected":false},"excerpt":{"rendered":"<p>BEYRUT (SANA) &#8211; Bug\u00fcn L\u00fcbnan Direni\u015fi \u0130\u015fgal Edilen \u00a0Filistin&#8217;in Kuzeyinde D\u00fc\u015fman \u0130srail\u2019e ait 3 Yerle\u015fim Yeri Ve B\u00f6lgeyi Hedef Ald\u0131 Direni\u015f yapt\u0131\u011f\u0131 a\u00e7\u0131klamada, \u2018\u2019Bu sabah i\u015fgal alt\u0131ndaki Filistin&#8217;in kuzeyindeki &#8220;Gorn&#8221; ve &#8220;\u015elomi&#8221; yerle\u015fimlerini f\u00fcze silahlar\u0131 ve toplarla bombalad\u0131\u2019\u2019 diyerek, bunun, &#8220;Gazze \u015eeridi&#8217;ndeki kararl\u0131 Filistin halk\u0131m\u0131za destek, onlar\u0131n cesur ve onurlu direni\u015fine destek ve \u0130srail d\u00fc\u015fman\u0131n\u0131n &hellip;<\/p>\n","protected":false},"author":1,"featured_media":299138,"comment_status":"closed","ping_status":"closed","sticky":false,"template":"","format":"standard","meta":{"footnotes":""},"categories":[458,459,17988],"tags":[41072],"class_list":["post-299137","post","type-post","status-publish","format-standard","has-post-thumbnail","","category-dunya1","category-haberler-arap-uluslararasi-politika","category-son-haberler","tag-lubnan-direnisi-dusman-israile-ait-3-yerlesim-ve-bolgeyi-hedef-aldi"],"_links":{"self":[{"href":"https:\/\/archive.sana.sy\/tr\/index.php?rest_route=\/wp\/v2\/posts\/299137","targetHints":{"allow":["GET"]}}],"collection":[{"href":"https:\/\/archive.sana.sy\/tr\/index.php?rest_route=\/wp\/v2\/posts"}],"about":[{"href":"https:\/\/archive.sana.sy\/tr\/index.php?rest_route=\/wp\/v2\/types\/post"}],"author":[{"embeddable":true,"href":"https:\/\/archive.sana.sy\/tr\/index.php?rest_route=\/wp\/v2\/users\/1"}],"replies":[{"embeddable":true,"href":"https:\/\/archive.sana.sy\/tr\/index.php?rest_route=%2Fwp%2Fv2%2Fcomments&post=299137"}],"version-history":[{"count":2,"href":"https:\/\/archive.sana.sy\/tr\/index.php?rest_route=\/wp\/v2\/posts\/299137\/revisions"}],"predecessor-version":[{"id":299146,"href":"https:\/\/archive.sana.sy\/tr\/index.php?rest_route=\/wp\/v2\/posts\/299137\/revisions\/299146"}],"wp:featuredmedia":[{"embeddable":true,"href":"https:\/\/archive.sana.sy\/tr\/index.php?rest_route=\/wp\/v2\/media\/299138"}],"wp:attachment":[{"href":"https:\/\/archive.sana.sy\/tr\/index.php?rest_route=%2Fwp%2Fv2%2Fmedia&parent=299137"}],"wp:term":[{"taxonomy":"category","embeddable":true,"href":"https:\/\/archive.sana.sy\/tr\/index.php?rest_route=%2Fwp%2Fv2%2Fcategories&post=299137"},{"taxonomy":"post_tag","embeddable":true,"href":"https:\/\/archive.sana.sy\/tr\/index.php?rest_route=%2Fwp%2Fv2%2Ftags&post=299137"}],"curies":[{"name":"wp","href":"https:\/\/api.w.org\/{rel}","templated":true}]}}