{"id":299143,"date":"2024-03-28T08:29:49","date_gmt":"2024-03-28T05:29:49","guid":{"rendered":"https:\/\/sana.sy\/tr\/?p=299143"},"modified":"2024-03-30T10:18:29","modified_gmt":"2024-03-30T07:18:29","slug":"ingiliz-dergisi-the-economist-gazze-insan-yapimi-kitligin-esiginde","status":"publish","type":"post","link":"https:\/\/archive.sana.sy\/tr\/?p=299143","title":{"rendered":"\u0130ngiliz Dergisi The Economist: Gazze \u0130nsan Yap\u0131m\u0131 K\u0131tl\u0131\u011f\u0131n E\u015fi\u011finde"},"content":{"rendered":"<p style=\"text-align: justify;\"><strong>LONDRA (SANA)<\/strong> &#8211;\u00a0 \u0130ngiliz dergisi The Economist, Gazze \u015eeridi&#8217;nin insan kaynakl\u0131 bir k\u0131tl\u0131\u011f\u0131n e\u015fi\u011finde oldu\u011funu bildirerek, bunu \u00f6nlemenin en h\u0131zl\u0131 yolunun ge\u00e7ici ate\u015fkes oldu\u011funu vurgulad\u0131.<\/p>\n<p style=\"text-align: justify;\">Dergi, \u2018\u2019K\u0131tl\u0131\u011f\u0131n nedenleri yaln\u0131zca \u201c\u0130srail\u201din Gazze&#8217;ye g\u0131da giri\u015fine getirdi\u011fi k\u0131s\u0131tlamalar de\u011fil, ayn\u0131 zamanda da\u011f\u0131t\u0131m\u0131n kesintiye u\u011framas\u0131ndan da kaynaklan\u0131yor\u2019\u2019 dedi.<\/p>\n<p style=\"text-align: justify;\">Dergi ayr\u0131ca, \u2018\u2019Gazze n\u00fcfusunun yakla\u015f\u0131k yar\u0131s\u0131n\u0131n felaket d\u00fczeyinde g\u0131da g\u00fcvensizli\u011fiyle kar\u015f\u0131 kar\u015f\u0131ya oldu\u011funa dair uyar\u0131da bulunan yak\u0131n tarihli bir raporun yay\u0131nlanmas\u0131n\u0131n ard\u0131ndan endi\u015feler artt\u0131. Halen Gazze \u015eehri&#8217;nde bulunan insanlar\u0131n yakla\u015f\u0131k y\u00fczde 70&#8217;inin \u00f6n\u00fcm\u00fczdeki iki ay i\u00e7inde a\u00e7l\u0131kla kar\u015f\u0131 kar\u015f\u0131ya kalmas\u0131 bekleniyor\u2019\u2019 ifadelerini kullanarak, \u00a0Ailelerin yakla\u015f\u0131k y\u00fczde 66&#8217;s\u0131n\u0131n bir\u00e7ok kez 24 saat boyunca yiyeceksiz kald\u0131\u011f\u0131n\u0131 anlatt\u0131.<\/p>\n<p style=\"text-align: justify;\">Dergi \u015fu ifadeleri de kulland\u0131: \u00a0\u2018\u2019A\u00e7l\u0131ktan \u00f6lenler konusunda hen\u00fcz g\u00fcvenilir bir rakam yok. Ancak toplanan veriler, ge\u00e7ti\u011fimiz ay boyunca Gazze&#8217;nin kuzeyinde iki ya\u015f\u0131n alt\u0131ndaki \u00e7ocuklar\u0131n y\u00fczde 29&#8217;unun akut yetersiz beslenmeden muzdarip oldu\u011funu g\u00f6steriyor .\u2019\u2019<\/p>\n<p style=\"text-align: center;\"><strong><a href=\"https:\/\/t.me\/SuriyeArapHaberAjansI\">Telegram Kanal\u0131m\u0131z\u00a0<\/a>||<a href=\"https:\/\/twitter.com\/arap_ajans\">X Platformumuz\u00a0<\/a>||<a href=\"https:\/\/www.facebook.com\/SANAHaberAjansi\/\">Facebook Sayfam\u0131z<\/a><\/strong><\/p>\n","protected":false},"excerpt":{"rendered":"<p>LONDRA (SANA) &#8211;\u00a0 \u0130ngiliz dergisi The Economist, Gazze \u015eeridi&#8217;nin insan kaynakl\u0131 bir k\u0131tl\u0131\u011f\u0131n e\u015fi\u011finde oldu\u011funu bildirerek, bunu \u00f6nlemenin en h\u0131zl\u0131 yolunun ge\u00e7ici ate\u015fkes oldu\u011funu vurgulad\u0131. Dergi, \u2018\u2019K\u0131tl\u0131\u011f\u0131n nedenleri yaln\u0131zca \u201c\u0130srail\u201din Gazze&#8217;ye g\u0131da giri\u015fine getirdi\u011fi k\u0131s\u0131tlamalar de\u011fil, ayn\u0131 zamanda da\u011f\u0131t\u0131m\u0131n kesintiye u\u011framas\u0131ndan da kaynaklan\u0131yor\u2019\u2019 dedi. Dergi ayr\u0131ca, \u2018\u2019Gazze n\u00fcfusunun yakla\u015f\u0131k yar\u0131s\u0131n\u0131n felaket d\u00fczeyinde g\u0131da g\u00fcvensizli\u011fiyle kar\u015f\u0131 &hellip;<\/p>\n","protected":false},"author":1,"featured_media":299144,"comment_status":"closed","ping_status":"closed","sticky":false,"template":"","format":"standard","meta":{"footnotes":""},"categories":[556,458,559,459,17988],"tags":[],"class_list":["post-299143","post","type-post","status-publish","format-standard","has-post-thumbnail","","category-basin","category-dunya1","category-dunya-basini","category-haberler-arap-uluslararasi-politika","category-son-haberler"],"_links":{"self":[{"href":"https:\/\/archive.sana.sy\/tr\/index.php?rest_route=\/wp\/v2\/posts\/299143","targetHints":{"allow":["GET"]}}],"collection":[{"href":"https:\/\/archive.sana.sy\/tr\/index.php?rest_route=\/wp\/v2\/posts"}],"about":[{"href":"https:\/\/archive.sana.sy\/tr\/index.php?rest_route=\/wp\/v2\/types\/post"}],"author":[{"embeddable":true,"href":"https:\/\/archive.sana.sy\/tr\/index.php?rest_route=\/wp\/v2\/users\/1"}],"replies":[{"embeddable":true,"href":"https:\/\/archive.sana.sy\/tr\/index.php?rest_route=%2Fwp%2Fv2%2Fcomments&post=299143"}],"version-history":[{"count":1,"href":"https:\/\/archive.sana.sy\/tr\/index.php?rest_route=\/wp\/v2\/posts\/299143\/revisions"}],"predecessor-version":[{"id":299145,"href":"https:\/\/archive.sana.sy\/tr\/index.php?rest_route=\/wp\/v2\/posts\/299143\/revisions\/299145"}],"wp:featuredmedia":[{"embeddable":true,"href":"https:\/\/archive.sana.sy\/tr\/index.php?rest_route=\/wp\/v2\/media\/299144"}],"wp:attachment":[{"href":"https:\/\/archive.sana.sy\/tr\/index.php?rest_route=%2Fwp%2Fv2%2Fmedia&parent=299143"}],"wp:term":[{"taxonomy":"category","embeddable":true,"href":"https:\/\/archive.sana.sy\/tr\/index.php?rest_route=%2Fwp%2Fv2%2Fcategories&post=299143"},{"taxonomy":"post_tag","embeddable":true,"href":"https:\/\/archive.sana.sy\/tr\/index.php?rest_route=%2Fwp%2Fv2%2Ftags&post=299143"}],"curies":[{"name":"wp","href":"https:\/\/api.w.org\/{rel}","templated":true}]}}