{"id":299155,"date":"2024-03-29T14:12:31","date_gmt":"2024-03-29T11:12:31","guid":{"rendered":"https:\/\/sana.sy\/tr\/?p=299155"},"modified":"2024-04-02T13:00:02","modified_gmt":"2024-04-02T10:00:02","slug":"ordu-halepin-bati-kirsalinda-cok-sayida-el-nusra-teroristini-etkisiz-hale-getirdi","status":"publish","type":"post","link":"https:\/\/archive.sana.sy\/tr\/?p=299155","title":{"rendered":"Ordu, Halep&#8217;in Bat\u0131 K\u0131rsal\u0131nda \u00c7ok Say\u0131da &#8221;El Nusra&#8221; Ter\u00f6ristini Etkisiz Hale Getirdi"},"content":{"rendered":"<p style=\"text-align: justify;\"><strong>HALEP (SANA)<\/strong> &#8211; Halep&#8217;in bat\u0131 k\u0131rsal\u0131nda faaliyet g\u00f6steren Suriye Arap Ordusu birlikleri, bir grup &#8220;El Nusra Cephesi&#8221; ter\u00f6ristini \u00f6ld\u00fcrd\u00fc ve yaralad\u0131. Bu, d\u00fc\u015fman \u0130srail&#8217;in bug\u00fcn \u015fafak vakti Halep k\u0131rsal\u0131n\u0131 hedef alan sald\u0131rganl\u0131\u011f\u0131yla birlikte\u00a0 ger\u00e7ekle\u015fti.<\/p>\n<p style=\"text-align: justify;\"><img loading=\"lazy\" decoding=\"async\" class=\"size-full wp-image-299158 alignright\" src=\"http:\/\/sana.sy\/tr\/wp-content\/uploads\/2024\/03\/3-1-copy-3-300x225-1.jpg\" alt=\"\" width=\"300\" height=\"225\" \/>Savunma Bakanl\u0131\u011f\u0131&#8217;ndan yap\u0131lan a\u00e7\u0131klamada \u015fu ifadelere yer verildi: \u201cHalep&#8217;in bat\u0131 k\u0131rsal\u0131nda g\u00f6rev yapan silahl\u0131 kuvvetlerimize ba\u011fl\u0131 birlikler, bu sabah, s\u00f6zde \u2018\u2019El Nusra Cephesi\u2019\u2019 ter\u00f6r \u00f6rg\u00fct\u00fcne ba\u011fl\u0131 silahl\u0131 ter\u00f6r gruplar\u0131n\u0131n sald\u0131r\u0131s\u0131na kar\u015f\u0131l\u0131k vererek, t\u00fcm \u00fcyelerinin \u00f6l\u00fcm\u00fcne ya da yaralanmas\u0131na neden oldu ve aralar\u0131nda s\u00f6zde El \u011eurabaa El T\u00fcrkistan Tugay\u0131&#8217;na mensup ter\u00f6ristlerin de bulundu\u011fu \u00e7ok say\u0131da \u00f6l\u00fc ter\u00f6ristin cesedini geri \u00e7ekmeyi ba\u015fard\u0131.\u2019\u2019<\/p>\n<p style=\"text-align: justify;\">Bakanl\u0131k a\u00e7\u0131klamas\u0131nda ayr\u0131ca, \u2018\u2019 Ter\u00f6r \u00f6rg\u00fctlerinin sald\u0131r\u0131s\u0131, \u0130srail&#8217;in Halep k\u0131rsal\u0131na y\u00f6nelik hava sald\u0131rganl\u0131\u011f\u0131, ter\u00f6ristlerin Halep kentinde insans\u0131z hava ara\u00e7lar\u0131yla sivillere sald\u0131rma giri\u015fimi ve ter\u00f6r \u00f6rg\u00fct\u00fc I\u015e\u0130D&#8217;e ba\u011fl\u0131 gruplar\u0131n Palmira civar\u0131ndaki baz\u0131 askeri mevzilere sald\u0131r\u0131s\u0131yla ba\u011flant\u0131l\u0131 olarak ger\u00e7ekle\u015fti\u2019\u2019 ifadelerini s\u00f6zlerine ekledi.<\/p>\n<p style=\"text-align: center;\"><strong><a href=\"https:\/\/t.me\/SuriyeArapHaberAjansI\">Telegram Kanal\u0131m\u0131z\u00a0<\/a>||<a href=\"https:\/\/twitter.com\/arap_ajans\">X Platformumuz\u00a0<\/a>||<a href=\"https:\/\/www.facebook.com\/SANAHaberAjansi\/\">Facebook Sayfam\u0131z<\/a><\/strong><\/p>\n<div id='gallery-1' class='gallery galleryid-299155 gallery-columns-2 gallery-size-thumbnail'><figure class='gallery-item'>\n\t\t\t<div class='gallery-icon portrait'>\n\t\t\t\t<a href='https:\/\/archive.sana.sy\/tr\/?attachment_id=299159'><img loading=\"lazy\" decoding=\"async\" width=\"150\" height=\"150\" src=\"https:\/\/archive.sana.sy\/tr\/wp-content\/uploads\/2024\/03\/4-28-225x300-1-150x150.jpg\" class=\"attachment-thumbnail size-thumbnail\" alt=\"\" \/><\/a>\n\t\t\t<\/div><\/figure><figure class='gallery-item'>\n\t\t\t<div class='gallery-icon portrait'>\n\t\t\t\t<a href='https:\/\/archive.sana.sy\/tr\/?attachment_id=299160'><img loading=\"lazy\" decoding=\"async\" width=\"150\" height=\"150\" src=\"https:\/\/archive.sana.sy\/tr\/wp-content\/uploads\/2024\/03\/3-53-225x300-1-150x150.jpg\" class=\"attachment-thumbnail size-thumbnail\" alt=\"\" \/><\/a>\n\t\t\t<\/div><\/figure><figure class='gallery-item'>\n\t\t\t<div class='gallery-icon portrait'>\n\t\t\t\t<a href='https:\/\/archive.sana.sy\/tr\/?attachment_id=299162'><img loading=\"lazy\" decoding=\"async\" width=\"150\" height=\"150\" src=\"https:\/\/archive.sana.sy\/tr\/wp-content\/uploads\/2024\/03\/2-40-225x300-1-150x150.jpg\" class=\"attachment-thumbnail size-thumbnail\" alt=\"\" \/><\/a>\n\t\t\t<\/div><\/figure><figure class='gallery-item'>\n\t\t\t<div class='gallery-icon portrait'>\n\t\t\t\t<a href='https:\/\/archive.sana.sy\/tr\/?attachment_id=299163'><img loading=\"lazy\" decoding=\"async\" width=\"150\" height=\"150\" src=\"https:\/\/archive.sana.sy\/tr\/wp-content\/uploads\/2024\/03\/1-47-225x300-1-150x150.jpg\" class=\"attachment-thumbnail size-thumbnail\" alt=\"\" \/><\/a>\n\t\t\t<\/div><\/figure>\n\t\t<\/div>\n\n","protected":false},"excerpt":{"rendered":"<p>HALEP (SANA) &#8211; Halep&#8217;in bat\u0131 k\u0131rsal\u0131nda faaliyet g\u00f6steren Suriye Arap Ordusu birlikleri, bir grup &#8220;El Nusra Cephesi&#8221; ter\u00f6ristini \u00f6ld\u00fcrd\u00fc ve yaralad\u0131. Bu, d\u00fc\u015fman \u0130srail&#8217;in bug\u00fcn \u015fafak vakti Halep k\u0131rsal\u0131n\u0131 hedef alan sald\u0131rganl\u0131\u011f\u0131yla birlikte\u00a0 ger\u00e7ekle\u015fti. Savunma Bakanl\u0131\u011f\u0131&#8217;ndan yap\u0131lan a\u00e7\u0131klamada \u015fu ifadelere yer verildi: \u201cHalep&#8217;in bat\u0131 k\u0131rsal\u0131nda g\u00f6rev yapan silahl\u0131 kuvvetlerimize ba\u011fl\u0131 birlikler, bu sabah, s\u00f6zde \u2018\u2019El &hellip;<\/p>\n","protected":false},"author":41,"featured_media":299156,"comment_status":"closed","ping_status":"closed","sticky":false,"template":"","format":"standard","meta":{"footnotes":""},"categories":[479,575,17988,478],"tags":[41073,18468],"class_list":["post-299155","post","type-post","status-publish","format-standard","has-post-thumbnail","","category-haberler-yerel","category-olaylar-ve-gercekler","category-son-haberler","category-yerel","tag-halepin-bati-kirsalinda-cok-sayida-el-nusra-teroristini-etkisiz-hale-getirdi","tag-ordu"],"_links":{"self":[{"href":"https:\/\/archive.sana.sy\/tr\/index.php?rest_route=\/wp\/v2\/posts\/299155","targetHints":{"allow":["GET"]}}],"collection":[{"href":"https:\/\/archive.sana.sy\/tr\/index.php?rest_route=\/wp\/v2\/posts"}],"about":[{"href":"https:\/\/archive.sana.sy\/tr\/index.php?rest_route=\/wp\/v2\/types\/post"}],"author":[{"embeddable":true,"href":"https:\/\/archive.sana.sy\/tr\/index.php?rest_route=\/wp\/v2\/users\/41"}],"replies":[{"embeddable":true,"href":"https:\/\/archive.sana.sy\/tr\/index.php?rest_route=%2Fwp%2Fv2%2Fcomments&post=299155"}],"version-history":[{"count":6,"href":"https:\/\/archive.sana.sy\/tr\/index.php?rest_route=\/wp\/v2\/posts\/299155\/revisions"}],"predecessor-version":[{"id":299167,"href":"https:\/\/archive.sana.sy\/tr\/index.php?rest_route=\/wp\/v2\/posts\/299155\/revisions\/299167"}],"wp:featuredmedia":[{"embeddable":true,"href":"https:\/\/archive.sana.sy\/tr\/index.php?rest_route=\/wp\/v2\/media\/299156"}],"wp:attachment":[{"href":"https:\/\/archive.sana.sy\/tr\/index.php?rest_route=%2Fwp%2Fv2%2Fmedia&parent=299155"}],"wp:term":[{"taxonomy":"category","embeddable":true,"href":"https:\/\/archive.sana.sy\/tr\/index.php?rest_route=%2Fwp%2Fv2%2Fcategories&post=299155"},{"taxonomy":"post_tag","embeddable":true,"href":"https:\/\/archive.sana.sy\/tr\/index.php?rest_route=%2Fwp%2Fv2%2Ftags&post=299155"}],"curies":[{"name":"wp","href":"https:\/\/api.w.org\/{rel}","templated":true}]}}