{"id":299174,"date":"2024-03-29T13:37:05","date_gmt":"2024-03-29T10:37:05","guid":{"rendered":"https:\/\/sana.sy\/tr\/?p=299174"},"modified":"2024-03-30T10:19:53","modified_gmt":"2024-03-30T07:19:53","slug":"israilin-gazze-seridine-yonelik-saldirganliginin-175inci-gununde-sehit-ve-yaralilar","status":"publish","type":"post","link":"https:\/\/archive.sana.sy\/tr\/?p=299174","title":{"rendered":"\u0130srail&#8217;in Gazze \u015eeridi&#8217;ne Y\u00f6nelik Sald\u0131rganl\u0131\u011f\u0131n\u0131n 175&#8217;inci G\u00fcn\u00fcnde \u015eehit Ve Yaral\u0131lar"},"content":{"rendered":"<p style=\"text-align: justify;\"><strong>\u0130\u015eGAL ED\u0130LEN KUD\u00dcS (SANA) &#8211;<\/strong> \u00a0\u0130srail&#8217;in Gazze \u015eeridi&#8217;ne y\u00f6nelik 175. g\u00fcn\u00fcnde de devam eden sald\u0131r\u0131s\u0131 sonucunda bu sabah onlarca Filistinli \u015fehit oldu ve yaraland\u0131.<\/p>\n<p style=\"text-align: justify;\">Filistin Wafa Ajans\u0131, \u2018\u2019\u0130\u015fgal u\u00e7aklar\u0131 Gazze \u015eeridi&#8217;nin g\u00fcneyindeki Han Yunus&#8217;ta bir evi bombalayarak 12 Filistinliyi \u00f6ld\u00fcrd\u00fc, onlarcas\u0131n\u0131 yaralad\u0131. Gazze \u015eeridi&#8217;nin kuzeyindeki Cebeliye&#8217;de bir camiye i\u015fgalci bombard\u0131man\u0131 sonucu Filistinli bir kad\u0131n \u015fehit olurken, \u00e7ok say\u0131da ki\u015fi de yaraland\u0131\u2019\u2019 dedi.<\/p>\n<p style=\"text-align: justify;\">\u0130\u015fgal u\u00e7aklar\u0131n\u0131n Gazze \u015fehrinin bat\u0131s\u0131ndaki El Nasr mahallesi ile g\u00fcneyindeki Tel El Hava mahallesindeki konutlar\u0131 bombalamas\u0131 sonucu \u00e7ok say\u0131da \u015fehit ve yaral\u0131 olu\u015ftu.<\/p>\n<p style=\"text-align: justify;\">\u00a0 \u0130\u015fgal ayr\u0131ca \u015fehrin do\u011fusundaki El \u015eucaiyye \u00a0mahallesindeki evleri de bombalayarak 7 Filistinlinin \u00f6l\u00fcm\u00fcne ve di\u011ferlerinin de yaralanmas\u0131na yol a\u00e7t\u0131.<\/p>\n<p style=\"text-align: justify;\">Filistin Sa\u011fl\u0131k Bakanl\u0131\u011f\u0131 bug\u00fcn yapt\u0131\u011f\u0131 a\u00e7\u0131klamada, \u0130srail i\u015fgalinin Gazze \u015eeridi&#8217;nde son saatlerde 7 katliam ger\u00e7ekle\u015ftirdi\u011fini, 71 \u015fehit ve 112 yaral\u0131n\u0131n bulundu\u011funu duyurdu. B\u00f6ylece, ge\u00e7en Ekim ay\u0131n\u0131n 7&#8217;sinden bu yana devam eden \u0130srail sald\u0131rganl\u0131\u011f\u0131n\u0131n kurbanlar\u0131n\u0131n say\u0131s\u0131, \u00e7o\u011fu kad\u0131n ve \u00e7ocuk olmak \u00fczere 32.623 \u015fehit ve 75.092 yaral\u0131ya ula\u015ft\u0131. Bunun yan\u0131nda da, halen enkaz alt\u0131nda ve yollarda bulunan binlerce ma\u011fdura ambulans ve sivil savunma ekiplerinin ula\u015famamas\u0131ndan bahsediliyor.<\/p>\n<p style=\"text-align: center;\"><strong><a href=\"https:\/\/t.me\/SuriyeArapHaberAjansI\">Telegram Kanal\u0131m\u0131z\u00a0<\/a>||<a href=\"https:\/\/twitter.com\/arap_ajans\">X Platformumuz\u00a0<\/a>||<a href=\"https:\/\/www.facebook.com\/SANAHaberAjansi\/\">Facebook Sayfam\u0131z<\/a><\/strong><\/p>\n","protected":false},"excerpt":{"rendered":"<p>\u0130\u015eGAL ED\u0130LEN KUD\u00dcS (SANA) &#8211; \u00a0\u0130srail&#8217;in Gazze \u015eeridi&#8217;ne y\u00f6nelik 175. g\u00fcn\u00fcnde de devam eden sald\u0131r\u0131s\u0131 sonucunda bu sabah onlarca Filistinli \u015fehit oldu ve yaraland\u0131. Filistin Wafa Ajans\u0131, \u2018\u2019\u0130\u015fgal u\u00e7aklar\u0131 Gazze \u015eeridi&#8217;nin g\u00fcneyindeki Han Yunus&#8217;ta bir evi bombalayarak 12 Filistinliyi \u00f6ld\u00fcrd\u00fc, onlarcas\u0131n\u0131 yaralad\u0131. Gazze \u015eeridi&#8217;nin kuzeyindeki Cebeliye&#8217;de bir camiye i\u015fgalci bombard\u0131man\u0131 sonucu Filistinli bir kad\u0131n \u015fehit &hellip;<\/p>\n","protected":false},"author":41,"featured_media":299175,"comment_status":"closed","ping_status":"closed","sticky":false,"template":"","format":"standard","meta":{"footnotes":""},"categories":[458,459,17988],"tags":[41076],"class_list":["post-299174","post","type-post","status-publish","format-standard","has-post-thumbnail","","category-dunya1","category-haberler-arap-uluslararasi-politika","category-son-haberler","tag-israilin-gazze-seridine-yonelik-saldirganliginin-175inci-gununde-sehit-ve-yaralilar"],"_links":{"self":[{"href":"https:\/\/archive.sana.sy\/tr\/index.php?rest_route=\/wp\/v2\/posts\/299174","targetHints":{"allow":["GET"]}}],"collection":[{"href":"https:\/\/archive.sana.sy\/tr\/index.php?rest_route=\/wp\/v2\/posts"}],"about":[{"href":"https:\/\/archive.sana.sy\/tr\/index.php?rest_route=\/wp\/v2\/types\/post"}],"author":[{"embeddable":true,"href":"https:\/\/archive.sana.sy\/tr\/index.php?rest_route=\/wp\/v2\/users\/41"}],"replies":[{"embeddable":true,"href":"https:\/\/archive.sana.sy\/tr\/index.php?rest_route=%2Fwp%2Fv2%2Fcomments&post=299174"}],"version-history":[{"count":1,"href":"https:\/\/archive.sana.sy\/tr\/index.php?rest_route=\/wp\/v2\/posts\/299174\/revisions"}],"predecessor-version":[{"id":299176,"href":"https:\/\/archive.sana.sy\/tr\/index.php?rest_route=\/wp\/v2\/posts\/299174\/revisions\/299176"}],"wp:featuredmedia":[{"embeddable":true,"href":"https:\/\/archive.sana.sy\/tr\/index.php?rest_route=\/wp\/v2\/media\/299175"}],"wp:attachment":[{"href":"https:\/\/archive.sana.sy\/tr\/index.php?rest_route=%2Fwp%2Fv2%2Fmedia&parent=299174"}],"wp:term":[{"taxonomy":"category","embeddable":true,"href":"https:\/\/archive.sana.sy\/tr\/index.php?rest_route=%2Fwp%2Fv2%2Fcategories&post=299174"},{"taxonomy":"post_tag","embeddable":true,"href":"https:\/\/archive.sana.sy\/tr\/index.php?rest_route=%2Fwp%2Fv2%2Ftags&post=299174"}],"curies":[{"name":"wp","href":"https:\/\/api.w.org\/{rel}","templated":true}]}}