{"id":299177,"date":"2024-03-29T12:44:49","date_gmt":"2024-03-29T09:44:49","guid":{"rendered":"https:\/\/sana.sy\/tr\/?p=299177"},"modified":"2024-03-30T10:19:39","modified_gmt":"2024-03-30T07:19:39","slug":"lavrov-ukraynada-baris-anlasmasina-varilmasi-halinde-rusya-karsilikli-guvenlik-garantilerini-kabul-edecek","status":"publish","type":"post","link":"https:\/\/archive.sana.sy\/tr\/?p=299177","title":{"rendered":"Lavrov: Ukrayna&#8217;da Bar\u0131\u015f Anla\u015fmas\u0131na Var\u0131lmas\u0131 Halinde Rusya Kar\u015f\u0131l\u0131kl\u0131 G\u00fcvenlik Garantilerini Kabul Edecek"},"content":{"rendered":"<p style=\"text-align: justify;\"><strong>MOSKOVA (SANA)<\/strong> &#8211; Rusya D\u0131\u015fi\u015fleri Bakan\u0131 Sergey Lavrov, Ukrayna&#8217;da bar\u0131\u015f anla\u015fmas\u0131na var\u0131lmas\u0131 halinde \u00fclkesinin kar\u015f\u0131l\u0131kl\u0131 g\u00fcvenlik garantilerini kabul edece\u011fini vurgulad\u0131.<\/p>\n<p style=\"text-align: justify;\">Lavrov, Rus \u0130zvestia gazetesine verdi\u011fi r\u00f6portajda, Ukrayna&#8217;da ya\u015fananlar\u0131n nedenlerinin ve bu nedenlerin ortadan kald\u0131r\u0131lmas\u0131n\u0131n gereklili\u011finin analizini i\u00e7eren \u00c7in belgesine at\u0131fta bulunurken, \u2018\u2019Genelden \u00f6zele uzanan bir mant\u0131k \u00fczerine kuruluydu. Birle\u015fmi\u015f Milletler \u015eart\u0131&#8217;n\u0131n yerine getirilmemesi nedeniyle Avrupa&#8217;da ve d\u00fcnyada g\u00fcvenlik durumunda \u00e7alkant\u0131lar ya\u015fand\u0131\u011f\u0131n\u0131 belirtiyor, Rusya&#8217;n\u0131n da tutumu bu\u2019\u2019 diye konu\u015ftu.<\/p>\n<p style=\"text-align: justify;\">Lavrov&#8217;a g\u00f6re \u00c7in belgesinde, Bat\u0131&#8217;n\u0131n yo\u011fun bi\u00e7imde ba\u015fvurmaya ba\u015flad\u0131\u011f\u0131 tek tarafl\u0131 yapt\u0131r\u0131mlar\u0131n da kald\u0131r\u0131lmas\u0131 gereken bir s\u0131k\u0131nt\u0131 oldu\u011fu belirtiliyor.<\/p>\n<p style=\"text-align: justify;\">\u00a0Lavrov verdi\u011fi r\u00f6portajda ayr\u0131ca, \u2018\u2019Bu temelde, \u00e7\u00f6z\u00fcm s\u00fcrecindeki t\u00fcm kat\u0131l\u0131mc\u0131lar i\u00e7in e\u015fit g\u00fcvenli\u011fin sa\u011flanmas\u0131 konusunda anla\u015fmal\u0131y\u0131z. Bu ilkelerin, mevcut g\u00fcvenlik sorunlar\u0131n\u0131n ciddi bir analizine dayal\u0131, g\u00fcvenlik tehditlerinin ve sahadaki ger\u00e7eklerin tan\u0131nmas\u0131na ve Rusya&#8217;n\u0131n me\u015fru g\u00fcvenlik \u00e7\u0131karlar\u0131n\u0131n g\u00fcvence alt\u0131na al\u0131nmas\u0131na dayanan m\u00fczakere masas\u0131na oturmadan uygulamaya konulmas\u0131 m\u00fcmk\u00fcn de\u011fildir\u2019\u2019 ifadelerini kullanarak, \u00a0&#8220;\u00dclkenin, operasyona kat\u0131lan di\u011fer kat\u0131l\u0131mc\u0131lar\u0131n me\u015fru \u00e7\u0131karlar\u0131n\u0131 ve g\u00fcvenli\u011fini garanti alt\u0131na almaya haz\u0131r oldu\u011funu&#8221; kaydetti.<\/p>\n<p style=\"text-align: center;\"><strong><a href=\"https:\/\/t.me\/SuriyeArapHaberAjansI\">Telegram Kanal\u0131m\u0131z\u00a0<\/a>||<a href=\"https:\/\/twitter.com\/arap_ajans\">X Platformumuz\u00a0<\/a>||<a href=\"https:\/\/www.facebook.com\/SANAHaberAjansi\/\">Facebook Sayfam\u0131z<\/a><\/strong><\/p>\n","protected":false},"excerpt":{"rendered":"<p>MOSKOVA (SANA) &#8211; Rusya D\u0131\u015fi\u015fleri Bakan\u0131 Sergey Lavrov, Ukrayna&#8217;da bar\u0131\u015f anla\u015fmas\u0131na var\u0131lmas\u0131 halinde \u00fclkesinin kar\u015f\u0131l\u0131kl\u0131 g\u00fcvenlik garantilerini kabul edece\u011fini vurgulad\u0131. Lavrov, Rus \u0130zvestia gazetesine verdi\u011fi r\u00f6portajda, Ukrayna&#8217;da ya\u015fananlar\u0131n nedenlerinin ve bu nedenlerin ortadan kald\u0131r\u0131lmas\u0131n\u0131n gereklili\u011finin analizini i\u00e7eren \u00c7in belgesine at\u0131fta bulunurken, \u2018\u2019Genelden \u00f6zele uzanan bir mant\u0131k \u00fczerine kuruluydu. Birle\u015fmi\u015f Milletler \u015eart\u0131&#8217;n\u0131n yerine getirilmemesi nedeniyle Avrupa&#8217;da &hellip;<\/p>\n","protected":false},"author":41,"featured_media":299178,"comment_status":"closed","ping_status":"closed","sticky":false,"template":"","format":"standard","meta":{"footnotes":""},"categories":[458,459,17988],"tags":[41077],"class_list":["post-299177","post","type-post","status-publish","format-standard","has-post-thumbnail","","category-dunya1","category-haberler-arap-uluslararasi-politika","category-son-haberler","tag-lavrov-ukraynada-baris-anlasmasina-varilmasi-halinde-rusya-karsilikli-guvenlik-garantilerini-kabul-edecek"],"_links":{"self":[{"href":"https:\/\/archive.sana.sy\/tr\/index.php?rest_route=\/wp\/v2\/posts\/299177","targetHints":{"allow":["GET"]}}],"collection":[{"href":"https:\/\/archive.sana.sy\/tr\/index.php?rest_route=\/wp\/v2\/posts"}],"about":[{"href":"https:\/\/archive.sana.sy\/tr\/index.php?rest_route=\/wp\/v2\/types\/post"}],"author":[{"embeddable":true,"href":"https:\/\/archive.sana.sy\/tr\/index.php?rest_route=\/wp\/v2\/users\/41"}],"replies":[{"embeddable":true,"href":"https:\/\/archive.sana.sy\/tr\/index.php?rest_route=%2Fwp%2Fv2%2Fcomments&post=299177"}],"version-history":[{"count":1,"href":"https:\/\/archive.sana.sy\/tr\/index.php?rest_route=\/wp\/v2\/posts\/299177\/revisions"}],"predecessor-version":[{"id":299179,"href":"https:\/\/archive.sana.sy\/tr\/index.php?rest_route=\/wp\/v2\/posts\/299177\/revisions\/299179"}],"wp:featuredmedia":[{"embeddable":true,"href":"https:\/\/archive.sana.sy\/tr\/index.php?rest_route=\/wp\/v2\/media\/299178"}],"wp:attachment":[{"href":"https:\/\/archive.sana.sy\/tr\/index.php?rest_route=%2Fwp%2Fv2%2Fmedia&parent=299177"}],"wp:term":[{"taxonomy":"category","embeddable":true,"href":"https:\/\/archive.sana.sy\/tr\/index.php?rest_route=%2Fwp%2Fv2%2Fcategories&post=299177"},{"taxonomy":"post_tag","embeddable":true,"href":"https:\/\/archive.sana.sy\/tr\/index.php?rest_route=%2Fwp%2Fv2%2Ftags&post=299177"}],"curies":[{"name":"wp","href":"https:\/\/api.w.org\/{rel}","templated":true}]}}