{"id":299182,"date":"2024-03-29T08:16:11","date_gmt":"2024-03-29T05:16:11","guid":{"rendered":"https:\/\/sana.sy\/tr\/?p=299182"},"modified":"2024-03-30T10:19:26","modified_gmt":"2024-03-30T07:19:26","slug":"isgal-gucleri-bati-seriada-iki-filistinliyi-tutukladi","status":"publish","type":"post","link":"https:\/\/archive.sana.sy\/tr\/?p=299182","title":{"rendered":"\u0130\u015fgal G\u00fc\u00e7leri Bat\u0131 \u015eeria&#8217;da \u0130ki Filistinliyi Tutuklad\u0131"},"content":{"rendered":"<p style=\"text-align: justify;\"><strong>\u0130\u015eGAL ED\u0130LEN KUD\u00dcS (SANA)<\/strong> &#8211; Bug\u00fcn \u0130srail i\u015fgal g\u00fc\u00e7leri Bat\u0131 \u015eeria&#8217;da iki Filistinliyi tutuklad\u0131.<\/p>\n<p style=\"text-align: justify;\">Filistin Wafa Ajans\u0131, i\u015fgal g\u00fc\u00e7lerinin Nablus&#8217;un do\u011fusundaki Dahiya b\u00f6lgesine, g\u00fcneyindeki Madama k\u00f6y\u00fcne ve Tulkarm&#8217;\u0131n do\u011fusundaki Nur \u015eemis kamp\u0131na bask\u0131n d\u00fczenledi\u011fini ve evlerine bask\u0131n yapt\u0131ktan sonra iki genci tutuklad\u0131\u011f\u0131n\u0131 bildirdi.<\/p>\n<p style=\"text-align: justify;\">Bu kapsamda i\u015fgal g\u00fc\u00e7leri Cenin kentinde bir\u00e7ok b\u00f6lgeye bask\u0131n d\u00fczenleyerek arama kampanyas\u0131 ba\u015flatt\u0131 ancak herhangi bir g\u00f6zalt\u0131 ya\u015fanmad\u0131.<\/p>\n<p style=\"text-align: justify;\">\u0130\u015fgal g\u00fc\u00e7lerinin Bat\u0131 \u015eeria&#8217;n\u0131n \u00e7e\u015fitli b\u00f6lgelerine d\u00fcn d\u00fczenledi\u011fi bask\u0131nlarda 5 Filistinli yaraland\u0131, \u00e7ok say\u0131da Filistinli de tutukland\u0131.<\/p>\n<p style=\"text-align: center;\"><strong><a href=\"https:\/\/t.me\/SuriyeArapHaberAjansI\">Telegram Kanal\u0131m\u0131z\u00a0<\/a>||<a href=\"https:\/\/twitter.com\/arap_ajans\">X Platformumuz\u00a0<\/a>||<a href=\"https:\/\/www.facebook.com\/SANAHaberAjansi\/\">Facebook Sayfam\u0131z<\/a><\/strong><\/p>\n","protected":false},"excerpt":{"rendered":"<p>\u0130\u015eGAL ED\u0130LEN KUD\u00dcS (SANA) &#8211; Bug\u00fcn \u0130srail i\u015fgal g\u00fc\u00e7leri Bat\u0131 \u015eeria&#8217;da iki Filistinliyi tutuklad\u0131. Filistin Wafa Ajans\u0131, i\u015fgal g\u00fc\u00e7lerinin Nablus&#8217;un do\u011fusundaki Dahiya b\u00f6lgesine, g\u00fcneyindeki Madama k\u00f6y\u00fcne ve Tulkarm&#8217;\u0131n do\u011fusundaki Nur \u015eemis kamp\u0131na bask\u0131n d\u00fczenledi\u011fini ve evlerine bask\u0131n yapt\u0131ktan sonra iki genci tutuklad\u0131\u011f\u0131n\u0131 bildirdi. Bu kapsamda i\u015fgal g\u00fc\u00e7leri Cenin kentinde bir\u00e7ok b\u00f6lgeye bask\u0131n d\u00fczenleyerek arama kampanyas\u0131 &hellip;<\/p>\n","protected":false},"author":41,"featured_media":299184,"comment_status":"closed","ping_status":"closed","sticky":false,"template":"","format":"standard","meta":{"footnotes":""},"categories":[458,459,17988],"tags":[],"class_list":["post-299182","post","type-post","status-publish","format-standard","has-post-thumbnail","","category-dunya1","category-haberler-arap-uluslararasi-politika","category-son-haberler"],"_links":{"self":[{"href":"https:\/\/archive.sana.sy\/tr\/index.php?rest_route=\/wp\/v2\/posts\/299182","targetHints":{"allow":["GET"]}}],"collection":[{"href":"https:\/\/archive.sana.sy\/tr\/index.php?rest_route=\/wp\/v2\/posts"}],"about":[{"href":"https:\/\/archive.sana.sy\/tr\/index.php?rest_route=\/wp\/v2\/types\/post"}],"author":[{"embeddable":true,"href":"https:\/\/archive.sana.sy\/tr\/index.php?rest_route=\/wp\/v2\/users\/41"}],"replies":[{"embeddable":true,"href":"https:\/\/archive.sana.sy\/tr\/index.php?rest_route=%2Fwp%2Fv2%2Fcomments&post=299182"}],"version-history":[{"count":2,"href":"https:\/\/archive.sana.sy\/tr\/index.php?rest_route=\/wp\/v2\/posts\/299182\/revisions"}],"predecessor-version":[{"id":299188,"href":"https:\/\/archive.sana.sy\/tr\/index.php?rest_route=\/wp\/v2\/posts\/299182\/revisions\/299188"}],"wp:featuredmedia":[{"embeddable":true,"href":"https:\/\/archive.sana.sy\/tr\/index.php?rest_route=\/wp\/v2\/media\/299184"}],"wp:attachment":[{"href":"https:\/\/archive.sana.sy\/tr\/index.php?rest_route=%2Fwp%2Fv2%2Fmedia&parent=299182"}],"wp:term":[{"taxonomy":"category","embeddable":true,"href":"https:\/\/archive.sana.sy\/tr\/index.php?rest_route=%2Fwp%2Fv2%2Fcategories&post=299182"},{"taxonomy":"post_tag","embeddable":true,"href":"https:\/\/archive.sana.sy\/tr\/index.php?rest_route=%2Fwp%2Fv2%2Ftags&post=299182"}],"curies":[{"name":"wp","href":"https:\/\/api.w.org\/{rel}","templated":true}]}}