{"id":299199,"date":"2024-03-30T10:15:24","date_gmt":"2024-03-30T07:15:24","guid":{"rendered":"https:\/\/sana.sy\/tr\/?p=299199"},"modified":"2024-04-02T12:58:51","modified_gmt":"2024-04-02T09:58:51","slug":"kubadaki-suriyeli-ogrenciler-her-zaman-ulkemizin-yanindayiz-ve-onun-en-iyi-elcileri-olacagiz","status":"publish","type":"post","link":"https:\/\/archive.sana.sy\/tr\/?p=299199","title":{"rendered":"K\u00fcba&#8217;daki Suriyeli \u00d6\u011frenciler: Her Zaman \u00dclkemizin Yan\u0131nday\u0131z Ve Onun En \u0130yi El\u00e7ileri Olaca\u011f\u0131z"},"content":{"rendered":"<p style=\"text-align: justify;\"><strong>HAVANA (SANA)<\/strong> \u2013 K\u00fcba \u00fcniversitelerinde okuyan Suriyeli \u00f6\u011frenciler, ordu, halk ve liderlik olarak anavatanlar\u0131 Suriye&#8217;nin yan\u0131nda duracaklar\u0131n\u0131 yinelediler.<\/p>\n<p style=\"text-align: justify;\">Suriyeli Arap \u00d6\u011frenciler G\u00fcn\u00fc&#8217;n\u00fcn 74&#8217;\u00fcnc\u00fc y\u0131l d\u00f6n\u00fcm\u00fc dolay\u0131s\u0131yla Suriyeli \u00f6\u011frenciler, yapt\u0131klar\u0131 a\u00e7\u0131klamada, Suriye&#8217;nin maruz kald\u0131\u011f\u0131 sald\u0131rganl\u0131klar\u0131n ve ter\u00f6rle m\u00fccadelenin devam etmesinin, t\u00fcm \u00f6\u011frencilerin m\u00fckemmellik ve akademik ba\u015far\u0131ya ula\u015fmak i\u00e7in azami \u00e7aba g\u00f6stermesini gerektirdi\u011fini vurgulayarak, \u00fclkelerinin her alanda en iyi el\u00e7ileri olmay\u0131 taahh\u00fct ediyoruz.<\/p>\n<p style=\"text-align: justify;\">\u00d6\u011frenciler, vatanlar\u0131na tecr\u00fcbe ve bilgiyle donanm\u0131\u015f olarak d\u00f6nmek, Suriye&#8217;nin in\u015fas\u0131nda ve ter\u00f6r\u00fcn y\u0131kt\u0131\u011f\u0131 yerlerin yeniden in\u015fas\u0131nda rol almak i\u00e7in e\u011fitimlerine gayret ve azimle devam etme kararl\u0131l\u0131klar\u0131n\u0131 vurgulad\u0131lar.<\/p>\n<p style=\"text-align: center;\"><strong><a href=\"https:\/\/t.me\/SuriyeArapHaberAjansI\">Telegram Kanal\u0131m\u0131z\u00a0<\/a>||<a href=\"https:\/\/twitter.com\/arap_ajans\">X Platformumuz\u00a0<\/a>||<a href=\"https:\/\/www.facebook.com\/SANAHaberAjansi\/\">Facebook Sayfam\u0131z<\/a><\/strong><\/p>\n","protected":false},"excerpt":{"rendered":"<p>HAVANA (SANA) \u2013 K\u00fcba \u00fcniversitelerinde okuyan Suriyeli \u00f6\u011frenciler, ordu, halk ve liderlik olarak anavatanlar\u0131 Suriye&#8217;nin yan\u0131nda duracaklar\u0131n\u0131 yinelediler. Suriyeli Arap \u00d6\u011frenciler G\u00fcn\u00fc&#8217;n\u00fcn 74&#8217;\u00fcnc\u00fc y\u0131l d\u00f6n\u00fcm\u00fc dolay\u0131s\u0131yla Suriyeli \u00f6\u011frenciler, yapt\u0131klar\u0131 a\u00e7\u0131klamada, Suriye&#8217;nin maruz kald\u0131\u011f\u0131 sald\u0131rganl\u0131klar\u0131n ve ter\u00f6rle m\u00fccadelenin devam etmesinin, t\u00fcm \u00f6\u011frencilerin m\u00fckemmellik ve akademik ba\u015far\u0131ya ula\u015fmak i\u00e7in azami \u00e7aba g\u00f6stermesini gerektirdi\u011fini vurgulayarak, \u00fclkelerinin her alanda &hellip;<\/p>\n","protected":false},"author":39,"featured_media":299200,"comment_status":"closed","ping_status":"closed","sticky":false,"template":"","format":"standard","meta":{"footnotes":""},"categories":[458,459,17988],"tags":[],"class_list":["post-299199","post","type-post","status-publish","format-standard","has-post-thumbnail","","category-dunya1","category-haberler-arap-uluslararasi-politika","category-son-haberler"],"_links":{"self":[{"href":"https:\/\/archive.sana.sy\/tr\/index.php?rest_route=\/wp\/v2\/posts\/299199","targetHints":{"allow":["GET"]}}],"collection":[{"href":"https:\/\/archive.sana.sy\/tr\/index.php?rest_route=\/wp\/v2\/posts"}],"about":[{"href":"https:\/\/archive.sana.sy\/tr\/index.php?rest_route=\/wp\/v2\/types\/post"}],"author":[{"embeddable":true,"href":"https:\/\/archive.sana.sy\/tr\/index.php?rest_route=\/wp\/v2\/users\/39"}],"replies":[{"embeddable":true,"href":"https:\/\/archive.sana.sy\/tr\/index.php?rest_route=%2Fwp%2Fv2%2Fcomments&post=299199"}],"version-history":[{"count":1,"href":"https:\/\/archive.sana.sy\/tr\/index.php?rest_route=\/wp\/v2\/posts\/299199\/revisions"}],"predecessor-version":[{"id":299201,"href":"https:\/\/archive.sana.sy\/tr\/index.php?rest_route=\/wp\/v2\/posts\/299199\/revisions\/299201"}],"wp:featuredmedia":[{"embeddable":true,"href":"https:\/\/archive.sana.sy\/tr\/index.php?rest_route=\/wp\/v2\/media\/299200"}],"wp:attachment":[{"href":"https:\/\/archive.sana.sy\/tr\/index.php?rest_route=%2Fwp%2Fv2%2Fmedia&parent=299199"}],"wp:term":[{"taxonomy":"category","embeddable":true,"href":"https:\/\/archive.sana.sy\/tr\/index.php?rest_route=%2Fwp%2Fv2%2Fcategories&post=299199"},{"taxonomy":"post_tag","embeddable":true,"href":"https:\/\/archive.sana.sy\/tr\/index.php?rest_route=%2Fwp%2Fv2%2Ftags&post=299199"}],"curies":[{"name":"wp","href":"https:\/\/api.w.org\/{rel}","templated":true}]}}