{"id":299202,"date":"2024-03-30T11:46:47","date_gmt":"2024-03-30T08:46:47","guid":{"rendered":"https:\/\/sana.sy\/tr\/?p=299202"},"modified":"2024-04-02T12:58:55","modified_gmt":"2024-04-02T09:58:55","slug":"israil-dusmani-guney-lubnanin-kasaba-ve-koylerine-saldirganliklarini-yeniledi","status":"publish","type":"post","link":"https:\/\/archive.sana.sy\/tr\/?p=299202","title":{"rendered":"\u0130\u015fgalci \u0130srail G\u00fcney L\u00fcbnan&#8217;\u0131n Kasaba Ve K\u00f6ylerine Sald\u0131rganl\u0131klar\u0131n\u0131 Yeniledi"},"content":{"rendered":"<p style=\"text-align: justify;\"><strong>BEYRUT (SANA)<\/strong> \u2013 \u0130\u015fgalci \u0130srail bug\u00fcn g\u00fcney L\u00fcbnan&#8217;\u0131n kasaba ve k\u00f6ylerine y\u00f6nelik sald\u0131rganl\u0131klar\u0131n\u0131 yeniledi.<\/p>\n<p style=\"text-align: justify;\">L\u00fcbnan Ulusal Haber Ajans\u0131&#8217;n\u0131n haberine g\u00f6re D\u00fc\u015fman \u0130srail&#8217;in, bug\u00fcn \u015fafak vakti Hamam Tepesi ve Vazzani kasabas\u0131 aras\u0131ndaki Umre b\u00f6lgesine, El Avidah Tepesi&#8217;ne, Kafr Kila ve Al Taybeh kasabalar\u0131 ve Aitarun kasabas\u0131n\u0131n eteklerine top\u00e7u mermileri att\u0131\u011f\u0131n\u0131 belirtti.<\/p>\n<p style=\"text-align: center;\"><strong><a href=\"https:\/\/t.me\/SuriyeArapHaberAjansI\">Telegram Kanal\u0131m\u0131z\u00a0<\/a>||<a href=\"https:\/\/twitter.com\/arap_ajans\">X Platformumuz\u00a0<\/a>||<a href=\"https:\/\/www.facebook.com\/SANAHaberAjansi\/\">Facebook Sayfam\u0131z<\/a><\/strong><\/p>\n<p>&nbsp;<\/p>\n","protected":false},"excerpt":{"rendered":"<p>BEYRUT (SANA) \u2013 \u0130\u015fgalci \u0130srail bug\u00fcn g\u00fcney L\u00fcbnan&#8217;\u0131n kasaba ve k\u00f6ylerine y\u00f6nelik sald\u0131rganl\u0131klar\u0131n\u0131 yeniledi. L\u00fcbnan Ulusal Haber Ajans\u0131&#8217;n\u0131n haberine g\u00f6re D\u00fc\u015fman \u0130srail&#8217;in, bug\u00fcn \u015fafak vakti Hamam Tepesi ve Vazzani kasabas\u0131 aras\u0131ndaki Umre b\u00f6lgesine, El Avidah Tepesi&#8217;ne, Kafr Kila ve Al Taybeh kasabalar\u0131 ve Aitarun kasabas\u0131n\u0131n eteklerine top\u00e7u mermileri att\u0131\u011f\u0131n\u0131 belirtti. Telegram Kanal\u0131m\u0131z\u00a0||X Platformumuz\u00a0||Facebook Sayfam\u0131z &nbsp;<\/p>\n","protected":false},"author":39,"featured_media":299203,"comment_status":"closed","ping_status":"closed","sticky":false,"template":"","format":"standard","meta":{"footnotes":""},"categories":[458,459,17988],"tags":[],"class_list":["post-299202","post","type-post","status-publish","format-standard","has-post-thumbnail","","category-dunya1","category-haberler-arap-uluslararasi-politika","category-son-haberler"],"_links":{"self":[{"href":"https:\/\/archive.sana.sy\/tr\/index.php?rest_route=\/wp\/v2\/posts\/299202","targetHints":{"allow":["GET"]}}],"collection":[{"href":"https:\/\/archive.sana.sy\/tr\/index.php?rest_route=\/wp\/v2\/posts"}],"about":[{"href":"https:\/\/archive.sana.sy\/tr\/index.php?rest_route=\/wp\/v2\/types\/post"}],"author":[{"embeddable":true,"href":"https:\/\/archive.sana.sy\/tr\/index.php?rest_route=\/wp\/v2\/users\/39"}],"replies":[{"embeddable":true,"href":"https:\/\/archive.sana.sy\/tr\/index.php?rest_route=%2Fwp%2Fv2%2Fcomments&post=299202"}],"version-history":[{"count":3,"href":"https:\/\/archive.sana.sy\/tr\/index.php?rest_route=\/wp\/v2\/posts\/299202\/revisions"}],"predecessor-version":[{"id":299210,"href":"https:\/\/archive.sana.sy\/tr\/index.php?rest_route=\/wp\/v2\/posts\/299202\/revisions\/299210"}],"wp:featuredmedia":[{"embeddable":true,"href":"https:\/\/archive.sana.sy\/tr\/index.php?rest_route=\/wp\/v2\/media\/299203"}],"wp:attachment":[{"href":"https:\/\/archive.sana.sy\/tr\/index.php?rest_route=%2Fwp%2Fv2%2Fmedia&parent=299202"}],"wp:term":[{"taxonomy":"category","embeddable":true,"href":"https:\/\/archive.sana.sy\/tr\/index.php?rest_route=%2Fwp%2Fv2%2Fcategories&post=299202"},{"taxonomy":"post_tag","embeddable":true,"href":"https:\/\/archive.sana.sy\/tr\/index.php?rest_route=%2Fwp%2Fv2%2Ftags&post=299202"}],"curies":[{"name":"wp","href":"https:\/\/api.w.org\/{rel}","templated":true}]}}