{"id":299211,"date":"2024-03-30T15:23:06","date_gmt":"2024-03-30T12:23:06","guid":{"rendered":"https:\/\/sana.sy\/tr\/?p=299211"},"modified":"2024-04-02T12:59:15","modified_gmt":"2024-04-02T09:59:15","slug":"cesitli-ulkelerden-turist-gruplari-busra-el-sam-antik-kentini-ziyaret-etti","status":"publish","type":"post","link":"https:\/\/archive.sana.sy\/tr\/?p=299211","title":{"rendered":"\u00c7e\u015fitli \u00dclkelerden Turist Gruplar\u0131 Busra El \u015eam Antik Kentini Ziyaret Etti"},"content":{"rendered":"<p style=\"text-align: justify;\"><strong>DERA (SANA) &#8211;<\/strong> \u0130svi\u00e7re, \u00c7in ve Rusya&#8217;dan gelenlerin de aralar\u0131nda bulundu\u011fu turist gruplar\u0131 Busra El \u015eam antic kentini ziyaret ederek, \u015fehirdeki arkeolojik ve kentsel yap\u0131lar\u0131 incelediler ve antik alanlar\u0131n mimari yap\u0131s\u0131na b\u00fcy\u00fck hayranl\u0131k duyduklar\u0131n\u0131 dile getirdiler.<\/p>\n<p style=\"text-align: justify;\"><img loading=\"lazy\" decoding=\"async\" class=\"size-full wp-image-299213 alignright\" src=\"http:\/\/sana.sy\/tr\/wp-content\/uploads\/2024\/03\/8-11-215x300-1.jpg\" alt=\"\" width=\"215\" height=\"300\" \/>SANA muhabirine verdi\u011fi deme\u00e7te \u0130svi\u00e7reli \u00fcniversite \u00f6\u011frencisi Turist Fabian Rochaux, Busra topraklar\u0131ndaki varl\u0131\u011f\u0131n\u0131, arkeoloji alan\u0131ndaki \u00e7al\u0131\u015fmalar\u0131n\u0131 geli\u015ftiren, tarihi t\u00fcm y\u00f6nleriyle inceleme ve antik ile moderni kar\u015f\u0131la\u015ft\u0131rma yetene\u011fini art\u0131ran bilimsel bir kazan\u00e7 olarak de\u011ferlendirdi.<\/p>\n<p style=\"text-align: justify;\">\u0130svi\u00e7reli \u015fehir ressam\u0131 Droshan Rosping ise an\u0131tlar\u0131n, bu an\u0131tlar\u0131 belgeleyerek benzersiz bir ger\u00e7eklik \u00e7izmek i\u00e7in entelekt\u00fcel yolculuklara \u00e7\u0131kmas\u0131n\u0131 sa\u011flayan sanatsal bir boyuta sahip oldu\u011funa dikkat \u00e7ekti.<\/p>\n<p style=\"text-align: justify;\">\u00c7inli m\u00fchendis Kim Wan-young ise , \u00e7a\u011fda\u015f d\u00fcnyam\u0131zda nadir bulunan mimari \u015faheserler olarak kabul edilen kale ve tiyatro ba\u015fta olmak \u00fczere arkeolojik alanlara dikkat edilmesi gerekti\u011fine dikkat \u00e7ekti.<\/p>\n<p style=\"text-align: justify;\">Rus turizm uzman\u0131 Elena Kristov da, iki \u00fclke aras\u0131nda k\u00fclt\u00fcrel bilgi ve bilgi al\u0131\u015fveri\u015fi amac\u0131yla kar\u015f\u0131l\u0131kl\u0131 gezilerin sa\u011flanmas\u0131 konusunda daha fazla \u00e7al\u0131\u015fma yap\u0131lmas\u0131 gerekti\u011fini belirterek, krizden \u00e7\u0131kt\u0131ktan sonra Suriye&#8217;nin istikrar ve g\u00fcvenlik i\u00e7inde olmas\u0131n\u0131 diledi.<\/p>\n<p style=\"text-align: justify;\">Buna kar\u015f\u0131l\u0131k, Salem Antik Kenti turist rehberi, Bosra antik kentinin ger\u00e7ek imaj\u0131n\u0131 vurgulamak ve arkeolojik alanlar\u0131n d\u00fczenini ve temizli\u011fini s\u00fcrd\u00fcrmek i\u00e7in d\u00fczenlenen b\u00fcy\u00fck \u00e7abalara \u00f6vg\u00fcde bulundu.<\/p>\n<div id='gallery-1' class='gallery galleryid-299211 gallery-columns-2 gallery-size-medium'><figure class='gallery-item'>\n\t\t\t<div class='gallery-icon portrait'>\n\t\t\t\t<a href='https:\/\/archive.sana.sy\/tr\/?attachment_id=299214'><img loading=\"lazy\" decoding=\"async\" width=\"202\" height=\"300\" src=\"https:\/\/archive.sana.sy\/tr\/wp-content\/uploads\/2024\/03\/10-10-202x300.jpg\" class=\"attachment-medium size-medium\" alt=\"\" srcset=\"https:\/\/archive.sana.sy\/tr\/wp-content\/uploads\/2024\/03\/10-10-202x300.jpg 202w, https:\/\/archive.sana.sy\/tr\/wp-content\/uploads\/2024\/03\/10-10.jpg 660w\" sizes=\"auto, (max-width: 202px) 100vw, 202px\" \/><\/a>\n\t\t\t<\/div><\/figure><figure class='gallery-item'>\n\t\t\t<div class='gallery-icon portrait'>\n\t\t\t\t<a href='https:\/\/archive.sana.sy\/tr\/?attachment_id=299215'><img loading=\"lazy\" decoding=\"async\" width=\"205\" height=\"300\" src=\"https:\/\/archive.sana.sy\/tr\/wp-content\/uploads\/2024\/03\/9-7-205x300.jpg\" class=\"attachment-medium size-medium\" alt=\"\" srcset=\"https:\/\/archive.sana.sy\/tr\/wp-content\/uploads\/2024\/03\/9-7-205x300.jpg 205w, https:\/\/archive.sana.sy\/tr\/wp-content\/uploads\/2024\/03\/9-7.jpg 660w\" sizes=\"auto, (max-width: 205px) 100vw, 205px\" \/><\/a>\n\t\t\t<\/div><\/figure>\n\t\t<\/div>\n\n<p style=\"text-align: center;\"><strong><a href=\"https:\/\/t.me\/SuriyeArapHaberAjansI\">Telegram Kanal\u0131m\u0131z\u00a0<\/a>||<a href=\"https:\/\/twitter.com\/arap_ajans\">X Platformumuz\u00a0<\/a>||<a href=\"https:\/\/www.facebook.com\/SANAHaberAjansi\/\">Facebook Sayfam\u0131z<\/a><\/strong><\/p>\n","protected":false},"excerpt":{"rendered":"<p>DERA (SANA) &#8211; \u0130svi\u00e7re, \u00c7in ve Rusya&#8217;dan gelenlerin de aralar\u0131nda bulundu\u011fu turist gruplar\u0131 Busra El \u015eam antic kentini ziyaret ederek, \u015fehirdeki arkeolojik ve kentsel yap\u0131lar\u0131 incelediler ve antik alanlar\u0131n mimari yap\u0131s\u0131na b\u00fcy\u00fck hayranl\u0131k duyduklar\u0131n\u0131 dile getirdiler. SANA muhabirine verdi\u011fi deme\u00e7te \u0130svi\u00e7reli \u00fcniversite \u00f6\u011frencisi Turist Fabian Rochaux, Busra topraklar\u0131ndaki varl\u0131\u011f\u0131n\u0131, arkeoloji alan\u0131ndaki \u00e7al\u0131\u015fmalar\u0131n\u0131 geli\u015ftiren, tarihi t\u00fcm &hellip;<\/p>\n","protected":false},"author":41,"featured_media":299212,"comment_status":"closed","ping_status":"closed","sticky":false,"template":"","format":"standard","meta":{"footnotes":""},"categories":[596,479,17988,2553,478],"tags":[41080],"class_list":["post-299211","post","type-post","status-publish","format-standard","has-post-thumbnail","","category-fotografli-raporlar","category-haberler-yerel","category-son-haberler","category-turizm","category-yerel","tag-cesitli-ulkelerden-turist-gruplari-busra-el-sam-antik-kentini-ziyaret-etti"],"_links":{"self":[{"href":"https:\/\/archive.sana.sy\/tr\/index.php?rest_route=\/wp\/v2\/posts\/299211","targetHints":{"allow":["GET"]}}],"collection":[{"href":"https:\/\/archive.sana.sy\/tr\/index.php?rest_route=\/wp\/v2\/posts"}],"about":[{"href":"https:\/\/archive.sana.sy\/tr\/index.php?rest_route=\/wp\/v2\/types\/post"}],"author":[{"embeddable":true,"href":"https:\/\/archive.sana.sy\/tr\/index.php?rest_route=\/wp\/v2\/users\/41"}],"replies":[{"embeddable":true,"href":"https:\/\/archive.sana.sy\/tr\/index.php?rest_route=%2Fwp%2Fv2%2Fcomments&post=299211"}],"version-history":[{"count":3,"href":"https:\/\/archive.sana.sy\/tr\/index.php?rest_route=\/wp\/v2\/posts\/299211\/revisions"}],"predecessor-version":[{"id":299218,"href":"https:\/\/archive.sana.sy\/tr\/index.php?rest_route=\/wp\/v2\/posts\/299211\/revisions\/299218"}],"wp:featuredmedia":[{"embeddable":true,"href":"https:\/\/archive.sana.sy\/tr\/index.php?rest_route=\/wp\/v2\/media\/299212"}],"wp:attachment":[{"href":"https:\/\/archive.sana.sy\/tr\/index.php?rest_route=%2Fwp%2Fv2%2Fmedia&parent=299211"}],"wp:term":[{"taxonomy":"category","embeddable":true,"href":"https:\/\/archive.sana.sy\/tr\/index.php?rest_route=%2Fwp%2Fv2%2Fcategories&post=299211"},{"taxonomy":"post_tag","embeddable":true,"href":"https:\/\/archive.sana.sy\/tr\/index.php?rest_route=%2Fwp%2Fv2%2Ftags&post=299211"}],"curies":[{"name":"wp","href":"https:\/\/api.w.org\/{rel}","templated":true}]}}