{"id":299225,"date":"2024-03-30T14:00:50","date_gmt":"2024-03-30T11:00:50","guid":{"rendered":"https:\/\/sana.sy\/tr\/?p=299225"},"modified":"2024-04-02T12:59:11","modified_gmt":"2024-04-02T09:59:11","slug":"hindistandaki-suriyeli-ogrenciler-ulkenin-kalkinmasina-katilma-konusundaki-kararliliklarini-yinelediler","status":"publish","type":"post","link":"https:\/\/archive.sana.sy\/tr\/?p=299225","title":{"rendered":"Hindistan&#8217;daki Suriyeli \u00d6\u011frenciler \u00dclkenin Kalk\u0131nmas\u0131na Kat\u0131lma Konusundaki Kararl\u0131l\u0131klar\u0131n\u0131 Yinelediler"},"content":{"rendered":"<p style=\"text-align: justify;\"><strong>YEN\u0130 DELH\u0130 (SANA) &#8211;<\/strong>\u00a0 Ulusal Suriyeli \u00d6\u011frenciler Birli\u011fi Hindistan \u015eubesi, Yeni Delhi&#8217;deki Suriye B\u00fcy\u00fckel\u00e7ili\u011fi i\u015fbirli\u011fiyle Suriyeli Arap \u00d6\u011frenci G\u00fcn\u00fc&#8217;n\u00fcn 74&#8217;\u00fcnc\u00fc y\u0131l d\u00f6n\u00fcm\u00fc dolay\u0131s\u0131yla merkezi bir t\u00f6ren d\u00fczenledi.<\/p>\n<p style=\"text-align: justify;\">Ulusal Suriyeli \u00d6\u011frenciler Birli\u011fi Hindistan \u015eubesi Ba\u015fkan\u0131\u00a0 Sam\u0130r Salama, Hindistan&#8217;daki Suriyeli \u00f6\u011frencilerin anavatanlar\u0131 Suriye&#8217;ye deneyim ve bilgiyle donanm\u0131\u015f olarak d\u00f6nmek i\u00e7in e\u011fitimlerini \u00f6zenle ve azimle s\u00fcrd\u00fcrme kararl\u0131l\u0131\u011f\u0131n\u0131 do\u011frulad\u0131.<\/p>\n<p style=\"text-align: justify;\">Suriye&#8217;nin Hindistan B\u00fcy\u00fckel\u00e7isi Bessam El Hatib \u00a0de t\u00f6rende yapt\u0131\u011f\u0131 konu\u015fmada, Cumhurba\u015fkan\u0131 Be\u015far Esad&#8217;\u0131n \u00f6\u011frencilerin sorunlar\u0131na ve i\u015flerine g\u00f6sterdi\u011fi b\u00fcy\u00fck ilgiye dikkat \u00e7ekerek, Suriyeli \u00d6\u011frenciler Ulusal Birli\u011fi&#8217;nin \u00e7al\u0131\u015fmalar\u0131n\u0131 d\u00fczenleyen yeni yasan\u0131n \u00f6nemine dikkat \u00e7ekerek, Birli\u011fin Hindistan&#8217;da okuyan Suriyeli \u00f6\u011frencilerin sorunlar\u0131n\u0131n takip edilmesi i\u00e7in Suriye B\u00fcy\u00fckel\u00e7ili\u011fi ile i\u015fbirli\u011fi yap\u0131lmas\u0131ndaki \u00f6nemli rol\u00fcne i\u015faret etti.<\/p>\n<p style=\"text-align: justify;\">Hindistan&#8217;\u0131n \u00e7e\u015fitli \u00fcniversitelerinde bulunan Suriyeli \u00f6\u011frenciler, konu\u015fmalar\u0131nda Suriye vatan\u0131na, onun liderli\u011fine ve ordusuna ba\u011fl\u0131l\u0131k ve ba\u011fl\u0131l\u0131klar\u0131n\u0131 yineleyerek, anavatana d\u00f6nmek ve onu in\u015fa etme ve geli\u015ftirme s\u00fcrecine aktif olarak kat\u0131lmak ba\u015fta olmak \u00fczere arzu edilen hedeflere ula\u015fmak i\u00e7in \u00f6zenle \u00e7al\u0131\u015fma kararl\u0131l\u0131klar\u0131n\u0131 vurgulad\u0131lar.<\/p>\n<p style=\"text-align: center;\"><strong><a href=\"https:\/\/t.me\/SuriyeArapHaberAjansI\">Telegram Kanal\u0131m\u0131z\u00a0<\/a>||<a href=\"https:\/\/twitter.com\/arap_ajans\">X Platformumuz\u00a0<\/a>||<a href=\"https:\/\/www.facebook.com\/SANAHaberAjansi\/\">Facebook Sayfam\u0131z<\/a><\/strong><\/p>\n","protected":false},"excerpt":{"rendered":"<p>YEN\u0130 DELH\u0130 (SANA) &#8211;\u00a0 Ulusal Suriyeli \u00d6\u011frenciler Birli\u011fi Hindistan \u015eubesi, Yeni Delhi&#8217;deki Suriye B\u00fcy\u00fckel\u00e7ili\u011fi i\u015fbirli\u011fiyle Suriyeli Arap \u00d6\u011frenci G\u00fcn\u00fc&#8217;n\u00fcn 74&#8217;\u00fcnc\u00fc y\u0131l d\u00f6n\u00fcm\u00fc dolay\u0131s\u0131yla merkezi bir t\u00f6ren d\u00fczenledi. Ulusal Suriyeli \u00d6\u011frenciler Birli\u011fi Hindistan \u015eubesi Ba\u015fkan\u0131\u00a0 Sam\u0130r Salama, Hindistan&#8217;daki Suriyeli \u00f6\u011frencilerin anavatanlar\u0131 Suriye&#8217;ye deneyim ve bilgiyle donanm\u0131\u015f olarak d\u00f6nmek i\u00e7in e\u011fitimlerini \u00f6zenle ve azimle s\u00fcrd\u00fcrme kararl\u0131l\u0131\u011f\u0131n\u0131 do\u011frulad\u0131. &hellip;<\/p>\n","protected":false},"author":41,"featured_media":299226,"comment_status":"closed","ping_status":"closed","sticky":false,"template":"","format":"standard","meta":{"footnotes":""},"categories":[458,459,17988],"tags":[41082],"class_list":["post-299225","post","type-post","status-publish","format-standard","has-post-thumbnail","","category-dunya1","category-haberler-arap-uluslararasi-politika","category-son-haberler","tag-hindistandaki-suriyeli-ogrenciler-ulkenin-kalkinmasina-katilma-konusundaki-kararliliklarini-yinelediler"],"_links":{"self":[{"href":"https:\/\/archive.sana.sy\/tr\/index.php?rest_route=\/wp\/v2\/posts\/299225","targetHints":{"allow":["GET"]}}],"collection":[{"href":"https:\/\/archive.sana.sy\/tr\/index.php?rest_route=\/wp\/v2\/posts"}],"about":[{"href":"https:\/\/archive.sana.sy\/tr\/index.php?rest_route=\/wp\/v2\/types\/post"}],"author":[{"embeddable":true,"href":"https:\/\/archive.sana.sy\/tr\/index.php?rest_route=\/wp\/v2\/users\/41"}],"replies":[{"embeddable":true,"href":"https:\/\/archive.sana.sy\/tr\/index.php?rest_route=%2Fwp%2Fv2%2Fcomments&post=299225"}],"version-history":[{"count":1,"href":"https:\/\/archive.sana.sy\/tr\/index.php?rest_route=\/wp\/v2\/posts\/299225\/revisions"}],"predecessor-version":[{"id":299227,"href":"https:\/\/archive.sana.sy\/tr\/index.php?rest_route=\/wp\/v2\/posts\/299225\/revisions\/299227"}],"wp:featuredmedia":[{"embeddable":true,"href":"https:\/\/archive.sana.sy\/tr\/index.php?rest_route=\/wp\/v2\/media\/299226"}],"wp:attachment":[{"href":"https:\/\/archive.sana.sy\/tr\/index.php?rest_route=%2Fwp%2Fv2%2Fmedia&parent=299225"}],"wp:term":[{"taxonomy":"category","embeddable":true,"href":"https:\/\/archive.sana.sy\/tr\/index.php?rest_route=%2Fwp%2Fv2%2Fcategories&post=299225"},{"taxonomy":"post_tag","embeddable":true,"href":"https:\/\/archive.sana.sy\/tr\/index.php?rest_route=%2Fwp%2Fv2%2Ftags&post=299225"}],"curies":[{"name":"wp","href":"https:\/\/api.w.org\/{rel}","templated":true}]}}