{"id":299345,"date":"2024-04-01T15:59:07","date_gmt":"2024-04-01T12:59:07","guid":{"rendered":"https:\/\/sana.sy\/tr\/?p=299345"},"modified":"2024-04-03T14:14:39","modified_gmt":"2024-04-03T11:14:39","slug":"filistin-direnisi-isgal-korkunc-sucunu-amerikanin-destegiyle-sifa-kompleksinde-isledi","status":"publish","type":"post","link":"https:\/\/archive.sana.sy\/tr\/?p=299345","title":{"rendered":"Filistin Direni\u015fi: \u0130\u015fgal, Korkun\u00e7 Su\u00e7unu Amerika&#8217;n\u0131n Deste\u011fiyle \u015eifa Kompleksi&#8217;nde \u0130\u015fledi"},"content":{"rendered":"<p style=\"text-align: justify;\"><strong>\u0130\u015eGAL ED\u0130LEN KUD\u00dcS (SANA)<\/strong> &#8211;\u00a0 Filistin direni\u015fi, \u0130srail i\u015fgalinin korkun\u00e7 su\u00e7unu Gazze \u015eehri&#8217;ndeki \u015eifa T\u0131p Kompleksi&#8217;nde Amerikan deste\u011fiyle i\u015fledi\u011fini vurgulayarak, \u00a0uluslararas\u0131 toplulu\u011fa bu su\u00e7u k\u0131nama ve Uluslararas\u0131 Ceza Mahkemesi&#8217;ni i\u015fgal su\u00e7lar\u0131n\u0131 soru\u015fturmak i\u00e7in fiili \u00f6nlemler ba\u015flatmaya \u00e7a\u011f\u0131rd\u0131.<\/p>\n<p style=\"text-align: justify;\">Direni\u015f bug\u00fcn yapt\u0131\u011f\u0131 a\u00e7\u0131klamada \u015funlar\u0131 s\u00f6yledi: \u201cBu sabah, ter\u00f6rist i\u015fgal ordusunun \u015eifa T\u0131p Kompleksi&#8217;nden \u00e7ekilmesinin ard\u0131ndan, binalar\u0131n y\u0131k\u0131lmas\u0131, \u00e7evredeki mahallelerin sakinlerinin ba\u015f\u0131na yak\u0131lmas\u0131 ve havaya u\u00e7urulmas\u0131 da dahil olmak \u00fczere, mek\u00e2nda meydana gelen b\u00fcy\u00fck y\u0131k\u0131m\u0131n boyutu ortaya \u00e7\u0131kt\u0131. Bu korkun\u00e7 su\u00e7un, ABD Ba\u015fkan\u0131 Joe Biden y\u00f6netiminin tam ve s\u0131n\u0131rs\u0131z deste\u011fiyle, d\u00fcnya hi\u00e7bir \u015fey yapmadan Gazze \u015eeridi&#8217;nde en korkun\u00e7 soyk\u0131r\u0131m sava\u015flar\u0131n\u0131 y\u00fcr\u00fctmeye devam eden bu haydut fa\u015fist olu\u015fumun niteli\u011fini g\u00f6sterdi\u011fini vurguluyoruz.&#8221;<\/p>\n<p style=\"text-align: justify;\">Direni\u015f, bu Nazi su\u00e7lar\u0131n\u0131n, Filistin halk\u0131n\u0131n deste\u011fini ve barbar sald\u0131rganl\u0131\u011fa t\u00fcm kahramanl\u0131k ve fedakarl\u0131kla kar\u015f\u0131 koyan yi\u011fit direni\u015fini zay\u0131flatmayaca\u011f\u0131n\u0131 g\u00f6sterdi.<\/p>\n<p style=\"text-align: justify;\">Direni\u015f ayr\u0131ca, uluslararas\u0131 topluma ve Birle\u015fmi\u015f Milletler&#8217;e, i\u015fgalin \u015eifa kompleksi ve \u00e7evresine kar\u015f\u0131 i\u015fledi\u011fi bu korkun\u00e7 su\u00e7u k\u0131namaya ve derhal Gazze \u015eehri&#8217;ne girerek su\u00e7un boyutlar\u0131n\u0131 g\u00f6rmeye \u00e7a\u011fr\u0131da bulunarak, ba\u015fta Uluslararas\u0131 Ceza Mahkemesi olmak \u00fczere uluslararas\u0131 yarg\u0131 organlar\u0131na, bu su\u00e7un ve i\u015fgalin soyk\u0131r\u0131m sava\u015f\u0131n\u0131n ba\u015flang\u0131c\u0131ndan bu yana Gazze \u015eeridi&#8217;nde i\u015fledi\u011fi t\u00fcm su\u00e7lar\u0131n soru\u015fturulmas\u0131 i\u00e7in fiili prosed\u00fcrleri ba\u015flatmas\u0131 \u00e7a\u011fr\u0131s\u0131nda bulunuldu.<\/p>\n<p style=\"text-align: justify;\">Direni\u015f a\u00e7\u0131klamas\u0131nda da, d\u00fcnyan\u0131n \u00f6zg\u00fcr halklar\u0131na ve Arap ve \u0130slam ulusunun kitlelerine, barbar \u0130srail d\u00fc\u015fman\u0131 ve destek\u00e7ilerine bask\u0131 yapma hareketini yo\u011funla\u015ft\u0131rmaya ve Filistin halk\u0131na ve direni\u015fine her t\u00fcrl\u00fc destek ve deste\u011fi sa\u011flamaya \u00e7a\u011f\u0131rd\u0131.<\/p>\n<p style=\"text-align: center;\"><strong><a href=\"https:\/\/t.me\/SuriyeArapHaberAjansI\">Telegram Kanal\u0131m\u0131z\u00a0<\/a>||<a href=\"https:\/\/twitter.com\/arap_ajans\">X Platformumuz\u00a0<\/a>||<a href=\"https:\/\/www.facebook.com\/SANAHaberAjansi\/\">Facebook Sayfam\u0131z<\/a><\/strong><\/p>\n","protected":false},"excerpt":{"rendered":"<p>\u0130\u015eGAL ED\u0130LEN KUD\u00dcS (SANA) &#8211;\u00a0 Filistin direni\u015fi, \u0130srail i\u015fgalinin korkun\u00e7 su\u00e7unu Gazze \u015eehri&#8217;ndeki \u015eifa T\u0131p Kompleksi&#8217;nde Amerikan deste\u011fiyle i\u015fledi\u011fini vurgulayarak, \u00a0uluslararas\u0131 toplulu\u011fa bu su\u00e7u k\u0131nama ve Uluslararas\u0131 Ceza Mahkemesi&#8217;ni i\u015fgal su\u00e7lar\u0131n\u0131 soru\u015fturmak i\u00e7in fiili \u00f6nlemler ba\u015flatmaya \u00e7a\u011f\u0131rd\u0131. Direni\u015f bug\u00fcn yapt\u0131\u011f\u0131 a\u00e7\u0131klamada \u015funlar\u0131 s\u00f6yledi: \u201cBu sabah, ter\u00f6rist i\u015fgal ordusunun \u015eifa T\u0131p Kompleksi&#8217;nden \u00e7ekilmesinin ard\u0131ndan, binalar\u0131n y\u0131k\u0131lmas\u0131, &hellip;<\/p>\n","protected":false},"author":41,"featured_media":299346,"comment_status":"closed","ping_status":"closed","sticky":false,"template":"","format":"standard","meta":{"footnotes":""},"categories":[458,459,17988],"tags":[40411,41097],"class_list":["post-299345","post","type-post","status-publish","format-standard","has-post-thumbnail","","category-dunya1","category-haberler-arap-uluslararasi-politika","category-son-haberler","tag-filistin-direnisi-isgal","tag-korkunc-sucunu-amerikanin-destegiyle-sifa-kompleksinde-isledi"],"_links":{"self":[{"href":"https:\/\/archive.sana.sy\/tr\/index.php?rest_route=\/wp\/v2\/posts\/299345","targetHints":{"allow":["GET"]}}],"collection":[{"href":"https:\/\/archive.sana.sy\/tr\/index.php?rest_route=\/wp\/v2\/posts"}],"about":[{"href":"https:\/\/archive.sana.sy\/tr\/index.php?rest_route=\/wp\/v2\/types\/post"}],"author":[{"embeddable":true,"href":"https:\/\/archive.sana.sy\/tr\/index.php?rest_route=\/wp\/v2\/users\/41"}],"replies":[{"embeddable":true,"href":"https:\/\/archive.sana.sy\/tr\/index.php?rest_route=%2Fwp%2Fv2%2Fcomments&post=299345"}],"version-history":[{"count":1,"href":"https:\/\/archive.sana.sy\/tr\/index.php?rest_route=\/wp\/v2\/posts\/299345\/revisions"}],"predecessor-version":[{"id":299347,"href":"https:\/\/archive.sana.sy\/tr\/index.php?rest_route=\/wp\/v2\/posts\/299345\/revisions\/299347"}],"wp:featuredmedia":[{"embeddable":true,"href":"https:\/\/archive.sana.sy\/tr\/index.php?rest_route=\/wp\/v2\/media\/299346"}],"wp:attachment":[{"href":"https:\/\/archive.sana.sy\/tr\/index.php?rest_route=%2Fwp%2Fv2%2Fmedia&parent=299345"}],"wp:term":[{"taxonomy":"category","embeddable":true,"href":"https:\/\/archive.sana.sy\/tr\/index.php?rest_route=%2Fwp%2Fv2%2Fcategories&post=299345"},{"taxonomy":"post_tag","embeddable":true,"href":"https:\/\/archive.sana.sy\/tr\/index.php?rest_route=%2Fwp%2Fv2%2Ftags&post=299345"}],"curies":[{"name":"wp","href":"https:\/\/api.w.org\/{rel}","templated":true}]}}