{"id":299355,"date":"2024-04-01T17:11:54","date_gmt":"2024-04-01T14:11:54","guid":{"rendered":"https:\/\/sana.sy\/tr\/?p=299355"},"modified":"2024-04-01T17:24:01","modified_gmt":"2024-04-01T14:24:01","slug":"sana-muhabiri-hava-savunma-guclerimiz-sam-civarindaki-dusman-hedeflere-karsilik-veriyor","status":"publish","type":"post","link":"https:\/\/archive.sana.sy\/tr\/?p=299355","title":{"rendered":"SANA muhabiri: Hava savunma g\u00fc\u00e7lerimiz \u015eam civar\u0131ndaki d\u00fc\u015fman hedeflere kar\u015f\u0131l\u0131k veriyor&#8230;"},"content":{"rendered":"","protected":false},"excerpt":{"rendered":"","protected":false},"author":41,"featured_media":0,"comment_status":"closed","ping_status":"closed","sticky":false,"template":"","format":"standard","meta":{"footnotes":""},"categories":[1],"tags":[],"class_list":["post-299355","post","type-post","status-publish","format-standard","","category-news-not-sorted"],"_links":{"self":[{"href":"https:\/\/archive.sana.sy\/tr\/index.php?rest_route=\/wp\/v2\/posts\/299355","targetHints":{"allow":["GET"]}}],"collection":[{"href":"https:\/\/archive.sana.sy\/tr\/index.php?rest_route=\/wp\/v2\/posts"}],"about":[{"href":"https:\/\/archive.sana.sy\/tr\/index.php?rest_route=\/wp\/v2\/types\/post"}],"author":[{"embeddable":true,"href":"https:\/\/archive.sana.sy\/tr\/index.php?rest_route=\/wp\/v2\/users\/41"}],"replies":[{"embeddable":true,"href":"https:\/\/archive.sana.sy\/tr\/index.php?rest_route=%2Fwp%2Fv2%2Fcomments&post=299355"}],"version-history":[{"count":1,"href":"https:\/\/archive.sana.sy\/tr\/index.php?rest_route=\/wp\/v2\/posts\/299355\/revisions"}],"predecessor-version":[{"id":299356,"href":"https:\/\/archive.sana.sy\/tr\/index.php?rest_route=\/wp\/v2\/posts\/299355\/revisions\/299356"}],"wp:attachment":[{"href":"https:\/\/archive.sana.sy\/tr\/index.php?rest_route=%2Fwp%2Fv2%2Fmedia&parent=299355"}],"wp:term":[{"taxonomy":"category","embeddable":true,"href":"https:\/\/archive.sana.sy\/tr\/index.php?rest_route=%2Fwp%2Fv2%2Fcategories&post=299355"},{"taxonomy":"post_tag","embeddable":true,"href":"https:\/\/archive.sana.sy\/tr\/index.php?rest_route=%2Fwp%2Fv2%2Ftags&post=299355"}],"curies":[{"name":"wp","href":"https:\/\/api.w.org\/{rel}","templated":true}]}}