{"id":299387,"date":"2024-04-01T19:44:06","date_gmt":"2024-04-01T16:44:06","guid":{"rendered":"https:\/\/sana.sy\/tr\/?p=299387"},"modified":"2024-04-03T14:14:48","modified_gmt":"2024-04-03T11:14:48","slug":"mikdad-iranli-mevkidasina-suriyenin-samdaki-iran-konsoloslugu-binasina-yonelik-fasist-israil-saldirganligini-kinadigini-vurguladi","status":"publish","type":"post","link":"https:\/\/archive.sana.sy\/tr\/?p=299387","title":{"rendered":"Mikdad, \u0130ranl\u0131 Mevkida\u015f\u0131na Suriye&#8217;nin, \u015eam&#8217;daki \u0130ran konsoloslu\u011fu Binas\u0131na Y\u00f6nelik Fa\u015fist \u0130srail Sald\u0131rganl\u0131\u011f\u0131n\u0131 K\u0131nad\u0131\u011f\u0131n\u0131 Vurgulad\u0131"},"content":{"rendered":"<p style=\"text-align: justify;\"><strong>\u015eAM (SANA)<\/strong> &#8211; D\u0131\u015fi\u015fleri ve Gurbet\u00e7iler Bakan\u0131 Faysal, \u0130ran D\u0131\u015fi\u015fleri Bakan\u0131 H\u00fceyin Emir Abdullahiyan ile yapt\u0131\u011f\u0131 telefon g\u00f6r\u00fc\u015fmesinde, Suriye&#8217;nin, \u015eam&#8217;daki \u0130ran konsolosluk binas\u0131na y\u00f6nelik fa\u015fist \u0130srail sald\u0131rganl\u0131\u011f\u0131n\u0131 g\u00fc\u00e7l\u00fc bir \u015fekilde k\u0131nad\u0131\u011f\u0131n\u0131 vurgulad\u0131.<\/p>\n<p style=\"text-align: justify;\">Bakan Mikdad g\u00f6r\u00fc\u015fmede, Suriye&#8217;nin maruz kald\u0131\u011f\u0131 sald\u0131r\u0131lar kar\u015f\u0131s\u0131nda \u0130ran&#8217;\u0131n yan\u0131nda oldu\u011funu do\u011frulayarak, \u2018\u2019Bu sald\u0131rganl\u0131klar\u0131n , Siyonist varl\u0131\u011f\u0131n Gazze&#8217;de Filistin halk\u0131na kar\u015f\u0131 y\u00fcr\u00fctt\u00fc\u011f\u00fc sava\u015fta ya\u015fad\u0131\u011f\u0131 sefil ba\u015far\u0131s\u0131zl\u0131\u011f\u0131n bir sonucu olarak ya\u015fad\u0131\u011f\u0131 histeri durumunu ifade etti\u011fini belirtti.<\/p>\n<p style=\"text-align: justify;\">Abdullahiyan ise, \u015eam&#8217;daki \u0130ran b\u00fcy\u00fckel\u00e7ili\u011finde karde\u015flerinin yan\u0131nda durma y\u00f6n\u00fcndeki h\u0131zl\u0131 giri\u015fiminden dolay\u0131 Bakan Mikdad&#8217;a te\u015fekk\u00fcrlerini ve takdirlerini dile getirerek, bunun g\u00fc\u00e7l\u00fc bir destek mesaj\u0131n\u0131 temsil etti\u011fini ve Suriye ve \u0130ran&#8217;\u0131n t\u00fcm s\u0131n\u0131rlar\u0131 a\u015fan \u0130srail barbarl\u0131\u011f\u0131 kar\u015f\u0131s\u0131nda birlikte durdu\u011funu bir kez daha do\u011frulad\u0131\u011f\u0131n\u0131 ifade etti.<\/p>\n<p style=\"text-align: center;\"><strong><a href=\"https:\/\/t.me\/SuriyeArapHaberAjansI\">Telegram Kanal\u0131m\u0131z\u00a0<\/a>||<a href=\"https:\/\/twitter.com\/arap_ajans\">X Platformumuz\u00a0<\/a>||<a href=\"https:\/\/www.facebook.com\/SANAHaberAjansi\/\">Facebook Sayfam\u0131z<\/a><\/strong><\/p>\n","protected":false},"excerpt":{"rendered":"<p>\u015eAM (SANA) &#8211; D\u0131\u015fi\u015fleri ve Gurbet\u00e7iler Bakan\u0131 Faysal, \u0130ran D\u0131\u015fi\u015fleri Bakan\u0131 H\u00fceyin Emir Abdullahiyan ile yapt\u0131\u011f\u0131 telefon g\u00f6r\u00fc\u015fmesinde, Suriye&#8217;nin, \u015eam&#8217;daki \u0130ran konsolosluk binas\u0131na y\u00f6nelik fa\u015fist \u0130srail sald\u0131rganl\u0131\u011f\u0131n\u0131 g\u00fc\u00e7l\u00fc bir \u015fekilde k\u0131nad\u0131\u011f\u0131n\u0131 vurgulad\u0131. Bakan Mikdad g\u00f6r\u00fc\u015fmede, Suriye&#8217;nin maruz kald\u0131\u011f\u0131 sald\u0131r\u0131lar kar\u015f\u0131s\u0131nda \u0130ran&#8217;\u0131n yan\u0131nda oldu\u011funu do\u011frulayarak, \u2018\u2019Bu sald\u0131rganl\u0131klar\u0131n , Siyonist varl\u0131\u011f\u0131n Gazze&#8217;de Filistin halk\u0131na kar\u015f\u0131 y\u00fcr\u00fctt\u00fc\u011f\u00fc sava\u015fta &hellip;<\/p>\n","protected":false},"author":41,"featured_media":299388,"comment_status":"closed","ping_status":"closed","sticky":false,"template":"","format":"standard","meta":{"footnotes":""},"categories":[479,17988,478],"tags":[41102,38328,41103],"class_list":["post-299387","post","type-post","status-publish","format-standard","has-post-thumbnail","","category-haberler-yerel","category-son-haberler","category-yerel","tag-iranli-mevkidasina-suriyenin","tag-mikdad","tag-samdaki-iran-konsoloslugu-binasina-yonelik-fasist-israil-saldirganligini-kinadigini-vurguladi"],"_links":{"self":[{"href":"https:\/\/archive.sana.sy\/tr\/index.php?rest_route=\/wp\/v2\/posts\/299387","targetHints":{"allow":["GET"]}}],"collection":[{"href":"https:\/\/archive.sana.sy\/tr\/index.php?rest_route=\/wp\/v2\/posts"}],"about":[{"href":"https:\/\/archive.sana.sy\/tr\/index.php?rest_route=\/wp\/v2\/types\/post"}],"author":[{"embeddable":true,"href":"https:\/\/archive.sana.sy\/tr\/index.php?rest_route=\/wp\/v2\/users\/41"}],"replies":[{"embeddable":true,"href":"https:\/\/archive.sana.sy\/tr\/index.php?rest_route=%2Fwp%2Fv2%2Fcomments&post=299387"}],"version-history":[{"count":3,"href":"https:\/\/archive.sana.sy\/tr\/index.php?rest_route=\/wp\/v2\/posts\/299387\/revisions"}],"predecessor-version":[{"id":299391,"href":"https:\/\/archive.sana.sy\/tr\/index.php?rest_route=\/wp\/v2\/posts\/299387\/revisions\/299391"}],"wp:featuredmedia":[{"embeddable":true,"href":"https:\/\/archive.sana.sy\/tr\/index.php?rest_route=\/wp\/v2\/media\/299388"}],"wp:attachment":[{"href":"https:\/\/archive.sana.sy\/tr\/index.php?rest_route=%2Fwp%2Fv2%2Fmedia&parent=299387"}],"wp:term":[{"taxonomy":"category","embeddable":true,"href":"https:\/\/archive.sana.sy\/tr\/index.php?rest_route=%2Fwp%2Fv2%2Fcategories&post=299387"},{"taxonomy":"post_tag","embeddable":true,"href":"https:\/\/archive.sana.sy\/tr\/index.php?rest_route=%2Fwp%2Fv2%2Ftags&post=299387"}],"curies":[{"name":"wp","href":"https:\/\/api.w.org\/{rel}","templated":true}]}}