{"id":299409,"date":"2024-04-01T20:00:21","date_gmt":"2024-04-01T17:00:21","guid":{"rendered":"https:\/\/sana.sy\/tr\/?p=299409"},"modified":"2024-04-03T14:14:51","modified_gmt":"2024-04-03T11:14:51","slug":"bagdatta-iraktaki-suriyeli-iscilerin-durumuna-iliskin-suriye-irak-gorusmeleri","status":"publish","type":"post","link":"https:\/\/archive.sana.sy\/tr\/?p=299409","title":{"rendered":"Ba\u011fdat&#8217;ta Irak&#8217;taki Suriyeli \u0130\u015f\u00e7ilerin Durumuna \u0130li\u015fkin Suriye-Irak G\u00f6r\u00fc\u015fmeleri"},"content":{"rendered":"<p style=\"text-align: justify;\"><strong>BA<\/strong><strong>\u011eDAT (SANA) &#8211;<\/strong>\u00a0 Irak \u00c7al\u0131\u015fma ve Sosyal \u0130\u015fler Bakan\u0131 Ahmed El Asadi ve Suriye&#8217;nin Ba\u011fdat B\u00fcy\u00fckel\u00e7isi Sattam Cadan Dandah, bug\u00fcnk\u00fc toplant\u0131lar\u0131nda karde\u015f Irak ve Suriye halklar\u0131 aras\u0131ndaki ili\u015fkileri derinle\u015ftirme isteklerini dile getirdi.<\/p>\n<p style=\"text-align: justify;\">Irak \u00c7al\u0131\u015fma ve Sosyal \u0130\u015fler Bakanl\u0131\u011f\u0131, bir kopyas\u0131 SANA&#8217;n\u0131n Ba\u011fdat muhabirine ula\u015fan a\u00e7\u0131klamas\u0131nda \u015funlar\u0131 s\u00f6yledi: &#8221;El Sadi, Irak&#8217;\u0131n Arap ve b\u00f6lgesel rol\u00fcn\u00fc yeniden tesis etme ve t\u00fcm b\u00f6lgelerinde g\u00fcvenlik ve istikrar\u0131 yeniden tesis etme konusunda Suriye&#8217;nin yan\u0131nda durdu\u011funu ifade etti.&#8221;<\/p>\n<p style=\"text-align: justify;\">El Sadi ayr\u0131ca, Suriyeli i\u015f\u00e7ilerin durumunun yasalara ve Irak i\u015fg\u00fcc\u00fc piyasas\u0131na uygun olarak d\u00fczenlenmesi gerekti\u011fine dikkat \u00e7ekti.<\/p>\n<p style=\"text-align: justify;\">B\u00fcy\u00fckel\u00e7i Dandah ise SANA muhabirine yapt\u0131\u011f\u0131 a\u00e7\u0131klamada, iki \u00fclke aras\u0131ndaki karde\u015flik ili\u015fkilerinin \u00f6nemini ve ikili i\u015fbirli\u011finin yo\u011funla\u015ft\u0131r\u0131lmas\u0131n\u0131 ve ilerletilmesini gerektiren ortak zorluklarla y\u00fczle\u015fme konusundaki isteklili\u011fini vurgulad\u0131.<\/p>\n<p style=\"text-align: justify;\">B\u00fcy\u00fckel\u00e7i Dandah ayr\u0131ca, g\u00f6r\u00fc\u015fmede Irak&#8217;taki Suriyeli toplumun durumunun ele al\u0131nd\u0131\u011f\u0131n\u0131 ve ikamet \u015fartlar\u0131n\u0131 ihlal edenlere, durumlar\u0131n\u0131 kolay ve \u00f6zel \u015fartlarda \u00e7\u00f6zme f\u0131rsat\u0131 vererek sorunlar\u0131n\u0131n \u00e7\u00f6z\u00fclmesi gereklili\u011finin tart\u0131\u015f\u0131ld\u0131\u011f\u0131n\u0131 a\u00e7\u0131klayarak, oplumun pek \u00e7ok turistik ve hizmet tesisinin t\u0131p, in\u015faat, uzmanl\u0131k ve y\u00f6netimi alanlar\u0131nda \u00f6nemli ve \u00f6nemli bir rol oynad\u0131\u011f\u0131na dikkat \u00e7ekti.<\/p>\n<p style=\"text-align: justify;\">Dandah, g\u00f6r\u00fc\u015fmede, \u00e7al\u0131\u015fmaya gelen Suriyelilere kolayl\u0131k sa\u011flanmas\u0131, kar\u015f\u0131l\u0131kl\u0131l\u0131k ilkesi \u00e7er\u00e7evesinde onay ve giri\u015f vizesi almalar\u0131n\u0131n sa\u011flanmas\u0131 gereklili\u011finin g\u00f6r\u00fc\u015f\u00fcld\u00fc\u011f\u00fcne de dikkat \u00e7ekti.<\/p>\n<p style=\"text-align: center;\"><strong><a href=\"https:\/\/t.me\/SuriyeArapHaberAjansI\">Telegram Kanal\u0131m\u0131z\u00a0<\/a>||<a href=\"https:\/\/twitter.com\/arap_ajans\">X Platformumuz\u00a0<\/a>||<a href=\"https:\/\/www.facebook.com\/SANAHaberAjansi\/\">Facebook Sayfam\u0131z<\/a><\/strong><\/p>\n","protected":false},"excerpt":{"rendered":"<p>BA\u011eDAT (SANA) &#8211;\u00a0 Irak \u00c7al\u0131\u015fma ve Sosyal \u0130\u015fler Bakan\u0131 Ahmed El Asadi ve Suriye&#8217;nin Ba\u011fdat B\u00fcy\u00fckel\u00e7isi Sattam Cadan Dandah, bug\u00fcnk\u00fc toplant\u0131lar\u0131nda karde\u015f Irak ve Suriye halklar\u0131 aras\u0131ndaki ili\u015fkileri derinle\u015ftirme isteklerini dile getirdi. Irak \u00c7al\u0131\u015fma ve Sosyal \u0130\u015fler Bakanl\u0131\u011f\u0131, bir kopyas\u0131 SANA&#8217;n\u0131n Ba\u011fdat muhabirine ula\u015fan a\u00e7\u0131klamas\u0131nda \u015funlar\u0131 s\u00f6yledi: &#8221;El Sadi, Irak&#8217;\u0131n Arap ve b\u00f6lgesel rol\u00fcn\u00fc yeniden &hellip;<\/p>\n","protected":false},"author":39,"featured_media":299410,"comment_status":"closed","ping_status":"closed","sticky":false,"template":"","format":"standard","meta":{"footnotes":""},"categories":[458,459,17988],"tags":[],"class_list":["post-299409","post","type-post","status-publish","format-standard","has-post-thumbnail","","category-dunya1","category-haberler-arap-uluslararasi-politika","category-son-haberler"],"_links":{"self":[{"href":"https:\/\/archive.sana.sy\/tr\/index.php?rest_route=\/wp\/v2\/posts\/299409","targetHints":{"allow":["GET"]}}],"collection":[{"href":"https:\/\/archive.sana.sy\/tr\/index.php?rest_route=\/wp\/v2\/posts"}],"about":[{"href":"https:\/\/archive.sana.sy\/tr\/index.php?rest_route=\/wp\/v2\/types\/post"}],"author":[{"embeddable":true,"href":"https:\/\/archive.sana.sy\/tr\/index.php?rest_route=\/wp\/v2\/users\/39"}],"replies":[{"embeddable":true,"href":"https:\/\/archive.sana.sy\/tr\/index.php?rest_route=%2Fwp%2Fv2%2Fcomments&post=299409"}],"version-history":[{"count":1,"href":"https:\/\/archive.sana.sy\/tr\/index.php?rest_route=\/wp\/v2\/posts\/299409\/revisions"}],"predecessor-version":[{"id":299411,"href":"https:\/\/archive.sana.sy\/tr\/index.php?rest_route=\/wp\/v2\/posts\/299409\/revisions\/299411"}],"wp:featuredmedia":[{"embeddable":true,"href":"https:\/\/archive.sana.sy\/tr\/index.php?rest_route=\/wp\/v2\/media\/299410"}],"wp:attachment":[{"href":"https:\/\/archive.sana.sy\/tr\/index.php?rest_route=%2Fwp%2Fv2%2Fmedia&parent=299409"}],"wp:term":[{"taxonomy":"category","embeddable":true,"href":"https:\/\/archive.sana.sy\/tr\/index.php?rest_route=%2Fwp%2Fv2%2Fcategories&post=299409"},{"taxonomy":"post_tag","embeddable":true,"href":"https:\/\/archive.sana.sy\/tr\/index.php?rest_route=%2Fwp%2Fv2%2Ftags&post=299409"}],"curies":[{"name":"wp","href":"https:\/\/api.w.org\/{rel}","templated":true}]}}