{"id":299469,"date":"2024-04-02T18:29:46","date_gmt":"2024-04-02T15:29:46","guid":{"rendered":"https:\/\/sana.sy\/tr\/?p=299469"},"modified":"2024-04-07T10:36:10","modified_gmt":"2024-04-07T07:36:10","slug":"dahhak-israil-uluslararasi-guvenlige-ve-barisa-yonelik-en-buyuk-tehdit-olmaya-devam-ediyor","status":"publish","type":"post","link":"https:\/\/archive.sana.sy\/tr\/?p=299469","title":{"rendered":"Dahhak: \u201c\u0130srail\u201d Uluslararas\u0131 G\u00fcvenli\u011fe Ve Bar\u0131\u015fa Y\u00f6nelik En B\u00fcy\u00fck Tehdit Olmaya Devam Ediyor"},"content":{"rendered":"<p style=\"text-align: justify;\"><strong>CENEVRE (SANA)<\/strong> &#8211; \u00a0Suriye&#8217;nin Birle\u015fmi\u015f Milletler Daimi Temsilcisi B\u00fcy\u00fckel\u00e7i Kusay Dahhak da Silahs\u0131zlanma Komisyonu \u00f6n\u00fcnde yapt\u0131\u011f\u0131 konu\u015fmada, i\u015fgalci \u0130srail\u2019in Filistin halk\u0131na kar\u015f\u0131 soyk\u0131r\u0131m sava\u015f\u0131n\u0131 s\u00fcrd\u00fcrd\u00fc\u011f\u00fcn\u00fc ve Suriye topraklar\u0131na y\u00f6nelik defalarca sald\u0131r\u0131lar\u0131n\u0131 s\u00fcrd\u00fcrd\u00fc\u011f\u00fcn\u00fc, bunlar\u0131n en sonuncusunun \u015eam&#8217;daki \u0130ran Konsoloslu\u011fu&#8217;nun genel merkezine yap\u0131lan g\u00fcnahkar ter\u00f6r sald\u0131r\u0131s\u0131 oldu\u011funu vurgulad\u0131.<\/p>\n<p style=\"text-align: justify;\">B\u00fcy\u00fckel\u00e7i Dahhak, \u2018\u2019Uluslararas\u0131 s\u00f6zle\u015fme ve normlara uygun olarak korunan diplomatik kararg\u00e2h\u0131n ve \u00f6ncesinde \u00e7ok say\u0131da sivil tesisin ve konut binas\u0131n\u0131n hedef al\u0131nmas\u0131, uluslararas\u0131 hukuku hi\u00e7e sayan, b\u00f6lgede bar\u0131\u015f ve g\u00fcvenli\u011fi tehdit etmeye devam eden Siyonist varl\u0131\u011f\u0131n ger\u00e7ekli\u011fini teyit etmektedir\u2019\u2019 dedi.<\/p>\n<p style=\"text-align: justify;\">Dahhak ayr\u0131ca, Suriye&#8217;nin i\u015fgalin su\u00e7lar\u0131na son verme ve kendileri i\u00e7in sorumlu tutma ihtiyac\u0131n\u0131 vurgulad\u0131\u011f\u0131n\u0131 ve Amerikan y\u00f6netimi ve bir dizi m\u00fcttefiki taraf\u0131ndan sa\u011flanan koruma olmadan devam eden su\u00e7lar\u0131n m\u00fcmk\u00fcn olmayaca\u011f\u0131n\u0131 vurgulad\u0131.<\/p>\n<p style=\"text-align: justify;\">\u2018\u2019Bat\u0131l\u0131 \u00fclkeler, kendilerinin ve himayesindeki &#8220;\u0130srail&#8217;in&#8221;, silahs\u0131zlanmayla ilgili olanlar da dahil olmak \u00fczere Birle\u015fmi\u015f Milletler \u015eart\u0131&#8217;n\u0131 ve uluslararas\u0131 anla\u015fmalar\u0131n h\u00fck\u00fcmlerini g\u00f6z ard\u0131 etmesini hakl\u0131 \u00e7\u0131karmak i\u00e7in uluslararas\u0131 hukuk ilkelerinin \u00e7arp\u0131k yorumlar\u0131n\u0131 sunuyor\u2019\u2019 diyen Dahhak, Suriye&#8217;nin Ortado\u011fu&#8217;nun n\u00fckleer silahlardan ve t\u00fcm kitle imha silahlar\u0131ndan ar\u0131nd\u0131r\u0131lmas\u0131na b\u00fcy\u00fck \u00f6nem verdi\u011fini vurgulad\u0131.<\/p>\n<p style=\"text-align: justify;\">Dahak konu\u015fmas\u0131nda da, \u2018\u2019 \u0130srail varl\u0131\u011f\u0131n\u0131n ilgili uluslararas\u0131 anla\u015fmalara kat\u0131lmay\u0131 reddetmesi ve tesislerini Uluslararas\u0131 Atom Enerjisi Ajans\u0131&#8217;n\u0131n denetimine tabi tutmas\u0131, Orta Do\u011fu b\u00f6lgesini n\u00fckleer silahlardan ve di\u011fer kitle imha silahlar\u0131ndan ar\u0131nd\u0131rman\u0131n \u00f6n\u00fcndeki tek engeldir\u2019\u2019 ifadelerini kulland\u0131.<\/p>\n<p style=\"text-align: center;\"><strong><a href=\"https:\/\/t.me\/SuriyeArapHaberAjansI\">Telegram Kanal\u0131m\u0131z\u00a0<\/a>||<a href=\"https:\/\/twitter.com\/arap_ajans\">X Platformumuz\u00a0<\/a>||<a href=\"https:\/\/www.facebook.com\/SANAHaberAjansi\/\">Facebook Sayfam\u0131z<\/a><\/strong><\/p>\n","protected":false},"excerpt":{"rendered":"<p>CENEVRE (SANA) &#8211; \u00a0Suriye&#8217;nin Birle\u015fmi\u015f Milletler Daimi Temsilcisi B\u00fcy\u00fckel\u00e7i Kusay Dahhak da Silahs\u0131zlanma Komisyonu \u00f6n\u00fcnde yapt\u0131\u011f\u0131 konu\u015fmada, i\u015fgalci \u0130srail\u2019in Filistin halk\u0131na kar\u015f\u0131 soyk\u0131r\u0131m sava\u015f\u0131n\u0131 s\u00fcrd\u00fcrd\u00fc\u011f\u00fcn\u00fc ve Suriye topraklar\u0131na y\u00f6nelik defalarca sald\u0131r\u0131lar\u0131n\u0131 s\u00fcrd\u00fcrd\u00fc\u011f\u00fcn\u00fc, bunlar\u0131n en sonuncusunun \u015eam&#8217;daki \u0130ran Konsoloslu\u011fu&#8217;nun genel merkezine yap\u0131lan g\u00fcnahkar ter\u00f6r sald\u0131r\u0131s\u0131 oldu\u011funu vurgulad\u0131. B\u00fcy\u00fckel\u00e7i Dahhak, \u2018\u2019Uluslararas\u0131 s\u00f6zle\u015fme ve normlara uygun olarak korunan &hellip;<\/p>\n","protected":false},"author":41,"featured_media":299471,"comment_status":"closed","ping_status":"closed","sticky":false,"template":"","format":"standard","meta":{"footnotes":""},"categories":[458,459,17988],"tags":[41109],"class_list":["post-299469","post","type-post","status-publish","format-standard","has-post-thumbnail","","category-dunya1","category-haberler-arap-uluslararasi-politika","category-son-haberler","tag-dahhak-israil-uluslararasi-guvenlige-ve-barisa-yonelik-en-buyuk-tehdit-olmaya-devam-ediyor"],"_links":{"self":[{"href":"https:\/\/archive.sana.sy\/tr\/index.php?rest_route=\/wp\/v2\/posts\/299469","targetHints":{"allow":["GET"]}}],"collection":[{"href":"https:\/\/archive.sana.sy\/tr\/index.php?rest_route=\/wp\/v2\/posts"}],"about":[{"href":"https:\/\/archive.sana.sy\/tr\/index.php?rest_route=\/wp\/v2\/types\/post"}],"author":[{"embeddable":true,"href":"https:\/\/archive.sana.sy\/tr\/index.php?rest_route=\/wp\/v2\/users\/41"}],"replies":[{"embeddable":true,"href":"https:\/\/archive.sana.sy\/tr\/index.php?rest_route=%2Fwp%2Fv2%2Fcomments&post=299469"}],"version-history":[{"count":1,"href":"https:\/\/archive.sana.sy\/tr\/index.php?rest_route=\/wp\/v2\/posts\/299469\/revisions"}],"predecessor-version":[{"id":299472,"href":"https:\/\/archive.sana.sy\/tr\/index.php?rest_route=\/wp\/v2\/posts\/299469\/revisions\/299472"}],"wp:featuredmedia":[{"embeddable":true,"href":"https:\/\/archive.sana.sy\/tr\/index.php?rest_route=\/wp\/v2\/media\/299471"}],"wp:attachment":[{"href":"https:\/\/archive.sana.sy\/tr\/index.php?rest_route=%2Fwp%2Fv2%2Fmedia&parent=299469"}],"wp:term":[{"taxonomy":"category","embeddable":true,"href":"https:\/\/archive.sana.sy\/tr\/index.php?rest_route=%2Fwp%2Fv2%2Fcategories&post=299469"},{"taxonomy":"post_tag","embeddable":true,"href":"https:\/\/archive.sana.sy\/tr\/index.php?rest_route=%2Fwp%2Fv2%2Ftags&post=299469"}],"curies":[{"name":"wp","href":"https:\/\/api.w.org\/{rel}","templated":true}]}}