{"id":299473,"date":"2024-04-03T09:11:03","date_gmt":"2024-04-03T06:11:03","guid":{"rendered":"https:\/\/sana.sy\/tr\/?p=299473"},"modified":"2024-04-04T11:14:19","modified_gmt":"2024-04-04T08:14:19","slug":"cumhurbaskani-esad-israilin-iran-konsolosluguna-yonelik-saldirganlikta-dusen-sehitler-nedeniyle-iran-cumhurbaskanina-bassagligi-diledi","status":"publish","type":"post","link":"https:\/\/archive.sana.sy\/tr\/?p=299473","title":{"rendered":"Cumhurba\u015fkan\u0131 Esad, \u0130srail&#8217;in \u0130ran Konsoloslu\u011funa Y\u00f6nelik Sald\u0131rganl\u0131kta D\u00fc\u015fen \u015eehitler Nedeniyle \u0130ran Cumhurba\u015fkan\u0131na Ba\u015fsa\u011fl\u0131\u011f\u0131 Diledi"},"content":{"rendered":"<p style=\"text-align: justify;\"><strong>\u015eAM (SANA) &#8211;<\/strong> \u00a0Cumhurba\u015fkan\u0131 Be\u015f\u015far Esad, \u0130ran \u0130slam Cumhuriyeti Cumhurba\u015fkan\u0131 \u0130brahim Reisi ile telefon g\u00f6r\u00fc\u015fmesi yapt\u0131. G\u00f6r\u00fc\u015fme s\u0131ras\u0131nda Cumhurba\u015fkan\u0131 Esad, \u015eam&#8217;daki \u0130ran konsoloslu\u011funu hedef alan vah\u015fi ve kirli sald\u0131rganl\u0131kta bir\u00e7ok \u0130ranl\u0131 askeri dan\u0131\u015fman\u0131n \u015fehit olmas\u0131 nedeniyle i\u00e7ten taziyelerini sundu.<\/p>\n<p style=\"text-align: justify;\">Cumhurba\u015fkan\u0131 Esad, kendisi ve Suriye halk\u0131 ad\u0131na, bu b\u00fcy\u00fck kay\u0131ptan dolay\u0131 \u015fehit ailelerine ve sevgili \u0130ran halk\u0131na derin \u00fcz\u00fcnt\u00fclerini ve ba\u015fsa\u011fl\u0131\u011f\u0131 diledi.<\/p>\n<p style=\"text-align: justify;\">Cumhurba\u015fkan\u0131 Esad ayr\u0131ca, Siyonist varl\u0131\u011f\u0131n sivillerle dolu bir b\u00f6lgedeki diplomatik misyonun karargah\u0131n\u0131 hedef almas\u0131n\u0131n \u015fa\u015f\u0131rt\u0131c\u0131 olmad\u0131\u011f\u0131n\u0131, \u00e7\u00fcnk\u00fc bu varl\u0131\u011f\u0131n \u00f6ld\u00fcrme, kan d\u00f6kme, yerinden etme ve ya\u011fma \u00fczerine in\u015fa edildi\u011fini vurgularken, &#8221;Gazze&#8217;de alt\u0131 ay\u0131 a\u015fk\u0131n s\u00fcredir devam eden soyk\u0131r\u0131mlar ve katliamlar bu varl\u0131\u011f\u0131n barbarl\u0131\u011f\u0131n\u0131n en a\u00e7\u0131k kan\u0131tlar\u0131ndan ba\u015fka bir \u015fey de\u011fildir&#8221; ifadelerini kulland\u0131.<\/p>\n<p style=\"text-align: center;\"><strong><a href=\"https:\/\/t.me\/SuriyeArapHaberAjansI\">Telegram Kanal\u0131m\u0131z\u00a0<\/a>||<a href=\"https:\/\/twitter.com\/arap_ajans\">X Platformumuz\u00a0<\/a>||<a href=\"https:\/\/www.facebook.com\/SANAHaberAjansi\/\">Facebook Sayfam\u0131z<\/a><\/strong><\/p>\n","protected":false},"excerpt":{"rendered":"<p>\u015eAM (SANA) &#8211; \u00a0Cumhurba\u015fkan\u0131 Be\u015f\u015far Esad, \u0130ran \u0130slam Cumhuriyeti Cumhurba\u015fkan\u0131 \u0130brahim Reisi ile telefon g\u00f6r\u00fc\u015fmesi yapt\u0131. G\u00f6r\u00fc\u015fme s\u0131ras\u0131nda Cumhurba\u015fkan\u0131 Esad, \u015eam&#8217;daki \u0130ran konsoloslu\u011funu hedef alan vah\u015fi ve kirli sald\u0131rganl\u0131kta bir\u00e7ok \u0130ranl\u0131 askeri dan\u0131\u015fman\u0131n \u015fehit olmas\u0131 nedeniyle i\u00e7ten taziyelerini sundu. Cumhurba\u015fkan\u0131 Esad, kendisi ve Suriye halk\u0131 ad\u0131na, bu b\u00fcy\u00fck kay\u0131ptan dolay\u0131 \u015fehit ailelerine ve sevgili \u0130ran &hellip;<\/p>\n","protected":false},"author":39,"featured_media":299474,"comment_status":"closed","ping_status":"closed","sticky":false,"template":"","format":"standard","meta":{"footnotes":""},"categories":[606,605],"tags":[],"class_list":["post-299473","post","type-post","status-publish","format-standard","has-post-thumbnail","","category-cumhurbaskani","category-sayin-cumhurbaskani"],"_links":{"self":[{"href":"https:\/\/archive.sana.sy\/tr\/index.php?rest_route=\/wp\/v2\/posts\/299473","targetHints":{"allow":["GET"]}}],"collection":[{"href":"https:\/\/archive.sana.sy\/tr\/index.php?rest_route=\/wp\/v2\/posts"}],"about":[{"href":"https:\/\/archive.sana.sy\/tr\/index.php?rest_route=\/wp\/v2\/types\/post"}],"author":[{"embeddable":true,"href":"https:\/\/archive.sana.sy\/tr\/index.php?rest_route=\/wp\/v2\/users\/39"}],"replies":[{"embeddable":true,"href":"https:\/\/archive.sana.sy\/tr\/index.php?rest_route=%2Fwp%2Fv2%2Fcomments&post=299473"}],"version-history":[{"count":1,"href":"https:\/\/archive.sana.sy\/tr\/index.php?rest_route=\/wp\/v2\/posts\/299473\/revisions"}],"predecessor-version":[{"id":299475,"href":"https:\/\/archive.sana.sy\/tr\/index.php?rest_route=\/wp\/v2\/posts\/299473\/revisions\/299475"}],"wp:featuredmedia":[{"embeddable":true,"href":"https:\/\/archive.sana.sy\/tr\/index.php?rest_route=\/wp\/v2\/media\/299474"}],"wp:attachment":[{"href":"https:\/\/archive.sana.sy\/tr\/index.php?rest_route=%2Fwp%2Fv2%2Fmedia&parent=299473"}],"wp:term":[{"taxonomy":"category","embeddable":true,"href":"https:\/\/archive.sana.sy\/tr\/index.php?rest_route=%2Fwp%2Fv2%2Fcategories&post=299473"},{"taxonomy":"post_tag","embeddable":true,"href":"https:\/\/archive.sana.sy\/tr\/index.php?rest_route=%2Fwp%2Fv2%2Ftags&post=299473"}],"curies":[{"name":"wp","href":"https:\/\/api.w.org\/{rel}","templated":true}]}}