{"id":299479,"date":"2024-04-03T09:38:04","date_gmt":"2024-04-03T06:38:04","guid":{"rendered":"https:\/\/sana.sy\/tr\/?p=299479"},"modified":"2024-04-07T10:36:18","modified_gmt":"2024-04-07T07:36:18","slug":"askeri-insaat-sirketinin-hamadaki-sube-muduru-patlayicinin-infilak-etmesi-sonucu-sehit-dustu","status":"publish","type":"post","link":"https:\/\/archive.sana.sy\/tr\/?p=299479","title":{"rendered":"Askeri \u0130n\u015faat \u015eirketi&#8217;nin Hama&#8217;daki \u015eube M\u00fcd\u00fcr\u00fc Patlay\u0131c\u0131n\u0131n \u0130nfilak Etmesi Sonucu \u015eehit D\u00fc\u015ft\u00fc"},"content":{"rendered":"<p style=\"text-align: justify;\"><strong>HAMA (SANA)<\/strong> \u2013 Askeri \u0130n\u015faat \u015eirketi&#8217;nin Hama \u015fube m\u00fcd\u00fcr\u00fc Basil Abd\u00fclkader, Hama \u015fehrinin El Kusur mahallesindeki evinin \u00f6n\u00fcnde ter\u00f6ristler taraf\u0131ndan arac\u0131na yerle\u015ftirilen patlay\u0131c\u0131n\u0131n infilak etmesi sonucu \u015fehit d\u00fc\u015ft\u00fc.<\/p>\n<p style=\"text-align: justify;\">Hama Valili\u011fi Polis Komutanl\u0131\u011f\u0131&#8217;ndan bir kaynak, SANA muhabirine yapt\u0131\u011f\u0131 a\u00e7\u0131klamada, Hama&#8217;da Askeri \u0130n\u015faat \u015eube M\u00fcd\u00fcr\u00fc&#8217;n\u00fcn arac\u0131na kimli\u011fi belirsiz ki\u015filer taraf\u0131ndan yerle\u015ftirilen patlay\u0131c\u0131n\u0131n infilak etmesi sonucu \u015fehit d\u00fc\u015ft\u00fc\u011f\u00fcn\u00fc ve arac\u0131n yand\u0131\u011f\u0131n\u0131 belirtti.<\/p>\n<p style=\"text-align: justify;\">Kaynak ayr\u0131ca, yetkili makamlar\u0131n daha fazla ayr\u0131nt\u0131y\u0131 ortaya \u00e7\u0131karmak ve failleri adalete teslim etmek i\u00e7in gerekli soru\u015fturmalar\u0131 ba\u015flatt\u0131\u011f\u0131n\u0131 kaydetti.<\/p>\n<p style=\"text-align: center;\"><strong><a href=\"https:\/\/t.me\/SuriyeArapHaberAjansI\">Telegram Kanal\u0131m\u0131z\u00a0<\/a>||<a href=\"https:\/\/twitter.com\/arap_ajans\">X Platformumuz\u00a0<\/a>||<a href=\"https:\/\/www.facebook.com\/SANAHaberAjansi\/\">Facebook Sayfam\u0131z<\/a><\/strong><\/p>\n<div id='gallery-1' class='gallery galleryid-299479 gallery-columns-1 gallery-size-full'><figure class='gallery-item'>\n\t\t\t<div class='gallery-icon landscape'>\n\t\t\t\t<a href='https:\/\/archive.sana.sy\/tr\/wp-content\/uploads\/2024\/04\/photo_2024-04-02_21-00-32-copy.jpg'><img loading=\"lazy\" decoding=\"async\" width=\"660\" height=\"394\" src=\"https:\/\/archive.sana.sy\/tr\/wp-content\/uploads\/2024\/04\/photo_2024-04-02_21-00-32-copy.jpg\" class=\"attachment-full size-full\" alt=\"\" srcset=\"https:\/\/archive.sana.sy\/tr\/wp-content\/uploads\/2024\/04\/photo_2024-04-02_21-00-32-copy.jpg 660w, https:\/\/archive.sana.sy\/tr\/wp-content\/uploads\/2024\/04\/photo_2024-04-02_21-00-32-copy-300x179.jpg 300w\" sizes=\"auto, (max-width: 660px) 100vw, 660px\" \/><\/a>\n\t\t\t<\/div><\/figure><figure class='gallery-item'>\n\t\t\t<div class='gallery-icon landscape'>\n\t\t\t\t<a href='https:\/\/archive.sana.sy\/tr\/wp-content\/uploads\/2024\/04\/photo_2024-04-02_21-00-27-copy.jpg'><img loading=\"lazy\" decoding=\"async\" width=\"660\" height=\"434\" src=\"https:\/\/archive.sana.sy\/tr\/wp-content\/uploads\/2024\/04\/photo_2024-04-02_21-00-27-copy.jpg\" class=\"attachment-full size-full\" alt=\"\" srcset=\"https:\/\/archive.sana.sy\/tr\/wp-content\/uploads\/2024\/04\/photo_2024-04-02_21-00-27-copy.jpg 660w, https:\/\/archive.sana.sy\/tr\/wp-content\/uploads\/2024\/04\/photo_2024-04-02_21-00-27-copy-300x197.jpg 300w, https:\/\/archive.sana.sy\/tr\/wp-content\/uploads\/2024\/04\/photo_2024-04-02_21-00-27-copy-310x205.jpg 310w\" sizes=\"auto, (max-width: 660px) 100vw, 660px\" \/><\/a>\n\t\t\t<\/div><\/figure>\n\t\t<\/div>\n\n","protected":false},"excerpt":{"rendered":"<p>HAMA (SANA) \u2013 Askeri \u0130n\u015faat \u015eirketi&#8217;nin Hama \u015fube m\u00fcd\u00fcr\u00fc Basil Abd\u00fclkader, Hama \u015fehrinin El Kusur mahallesindeki evinin \u00f6n\u00fcnde ter\u00f6ristler taraf\u0131ndan arac\u0131na yerle\u015ftirilen patlay\u0131c\u0131n\u0131n infilak etmesi sonucu \u015fehit d\u00fc\u015ft\u00fc. Hama Valili\u011fi Polis Komutanl\u0131\u011f\u0131&#8217;ndan bir kaynak, SANA muhabirine yapt\u0131\u011f\u0131 a\u00e7\u0131klamada, Hama&#8217;da Askeri \u0130n\u015faat \u015eube M\u00fcd\u00fcr\u00fc&#8217;n\u00fcn arac\u0131na kimli\u011fi belirsiz ki\u015filer taraf\u0131ndan yerle\u015ftirilen patlay\u0131c\u0131n\u0131n infilak etmesi sonucu \u015fehit d\u00fc\u015ft\u00fc\u011f\u00fcn\u00fc &hellip;<\/p>\n","protected":false},"author":39,"featured_media":299480,"comment_status":"closed","ping_status":"closed","sticky":false,"template":"","format":"standard","meta":{"footnotes":""},"categories":[479,575,17988,478],"tags":[],"class_list":["post-299479","post","type-post","status-publish","format-standard","has-post-thumbnail","","category-haberler-yerel","category-olaylar-ve-gercekler","category-son-haberler","category-yerel"],"_links":{"self":[{"href":"https:\/\/archive.sana.sy\/tr\/index.php?rest_route=\/wp\/v2\/posts\/299479","targetHints":{"allow":["GET"]}}],"collection":[{"href":"https:\/\/archive.sana.sy\/tr\/index.php?rest_route=\/wp\/v2\/posts"}],"about":[{"href":"https:\/\/archive.sana.sy\/tr\/index.php?rest_route=\/wp\/v2\/types\/post"}],"author":[{"embeddable":true,"href":"https:\/\/archive.sana.sy\/tr\/index.php?rest_route=\/wp\/v2\/users\/39"}],"replies":[{"embeddable":true,"href":"https:\/\/archive.sana.sy\/tr\/index.php?rest_route=%2Fwp%2Fv2%2Fcomments&post=299479"}],"version-history":[{"count":2,"href":"https:\/\/archive.sana.sy\/tr\/index.php?rest_route=\/wp\/v2\/posts\/299479\/revisions"}],"predecessor-version":[{"id":299512,"href":"https:\/\/archive.sana.sy\/tr\/index.php?rest_route=\/wp\/v2\/posts\/299479\/revisions\/299512"}],"wp:featuredmedia":[{"embeddable":true,"href":"https:\/\/archive.sana.sy\/tr\/index.php?rest_route=\/wp\/v2\/media\/299480"}],"wp:attachment":[{"href":"https:\/\/archive.sana.sy\/tr\/index.php?rest_route=%2Fwp%2Fv2%2Fmedia&parent=299479"}],"wp:term":[{"taxonomy":"category","embeddable":true,"href":"https:\/\/archive.sana.sy\/tr\/index.php?rest_route=%2Fwp%2Fv2%2Fcategories&post=299479"},{"taxonomy":"post_tag","embeddable":true,"href":"https:\/\/archive.sana.sy\/tr\/index.php?rest_route=%2Fwp%2Fv2%2Ftags&post=299479"}],"curies":[{"name":"wp","href":"https:\/\/api.w.org\/{rel}","templated":true}]}}