{"id":299487,"date":"2024-04-03T11:10:09","date_gmt":"2024-04-03T08:10:09","guid":{"rendered":"https:\/\/sana.sy\/tr\/?p=299487"},"modified":"2024-04-07T10:34:15","modified_gmt":"2024-04-07T07:34:15","slug":"rusya-israilin-samdaki-iran-konsolosluguna-yonelik-saldirganligini-kinayan-bir-bildiri-taslagini-guvenlik-konseyine-dagitti","status":"publish","type":"post","link":"https:\/\/archive.sana.sy\/tr\/?p=299487","title":{"rendered":"Rusya, \u0130srail&#8217;in \u015eam&#8217;daki \u0130ran Konsoloslu\u011funa Y\u00f6nelik Sald\u0131rganl\u0131\u011f\u0131n\u0131 K\u0131nayan Bir Bildiri Tasla\u011f\u0131n\u0131 G\u00fcvenlik Konseyi&#8217;ne Da\u011f\u0131tt\u0131"},"content":{"rendered":"<p style=\"text-align: justify;\"><strong>NEW YORK (SANA) &#8211; <\/strong>Rusya&#8217;n\u0131n Birle\u015fmi\u015f Milletler Temsilci Yard\u0131mc\u0131s\u0131 Dmitry Polyansky, \u00fclkesinin heyetinin BM G\u00fcvenlik Konseyi \u00fcyelerine \u0130srail&#8217;in \u015eam&#8217;daki \u0130ran konsoloslu\u011funa y\u00f6nelik sald\u0131rganl\u0131\u011f\u0131n\u0131 k\u0131nayan bir bildiri tasla\u011f\u0131 da\u011f\u0131tt\u0131\u011f\u0131n\u0131 duyurdu.<\/p>\n<p style=\"text-align: justify;\">RT&#8217;nin internet sitesine g\u00f6re Polyansky, &#8220;\u0130ranl\u0131 ve Suriyeli meslekta\u015flar\u0131m\u0131zla anla\u015farak, bu sald\u0131rganl\u0131\u011f\u0131 k\u0131nayan bir bas\u0131n a\u00e7\u0131klamas\u0131 tasla\u011f\u0131n\u0131 G\u00fcvenlik Konseyi&#8217;ne da\u011f\u0131tt\u0131k&#8221; diyerek, bunun Bat\u0131l\u0131 meslekta\u015flar\u0131m\u0131z\u0131n ger\u00e7ek niyetlerini test etmek i\u00e7in ba\u015fka bir f\u0131rsat oldu\u011funu a\u00e7\u0131klad\u0131.<\/p>\n<p style=\"text-align: center;\"><strong><a href=\"https:\/\/t.me\/SuriyeArapHaberAjansI\">Telegram Kanal\u0131m\u0131z\u00a0<\/a>||<a href=\"https:\/\/twitter.com\/arap_ajans\">X Platformumuz\u00a0<\/a>||<a href=\"https:\/\/www.facebook.com\/SANAHaberAjansi\/\">Facebook Sayfam\u0131z<\/a><\/strong><\/p>\n","protected":false},"excerpt":{"rendered":"<p>NEW YORK (SANA) &#8211; Rusya&#8217;n\u0131n Birle\u015fmi\u015f Milletler Temsilci Yard\u0131mc\u0131s\u0131 Dmitry Polyansky, \u00fclkesinin heyetinin BM G\u00fcvenlik Konseyi \u00fcyelerine \u0130srail&#8217;in \u015eam&#8217;daki \u0130ran konsoloslu\u011funa y\u00f6nelik sald\u0131rganl\u0131\u011f\u0131n\u0131 k\u0131nayan bir bildiri tasla\u011f\u0131 da\u011f\u0131tt\u0131\u011f\u0131n\u0131 duyurdu. RT&#8217;nin internet sitesine g\u00f6re Polyansky, &#8220;\u0130ranl\u0131 ve Suriyeli meslekta\u015flar\u0131m\u0131zla anla\u015farak, bu sald\u0131rganl\u0131\u011f\u0131 k\u0131nayan bir bas\u0131n a\u00e7\u0131klamas\u0131 tasla\u011f\u0131n\u0131 G\u00fcvenlik Konseyi&#8217;ne da\u011f\u0131tt\u0131k&#8221; diyerek, bunun Bat\u0131l\u0131 meslekta\u015flar\u0131m\u0131z\u0131n ger\u00e7ek niyetlerini &hellip;<\/p>\n","protected":false},"author":39,"featured_media":299488,"comment_status":"closed","ping_status":"closed","sticky":false,"template":"","format":"standard","meta":{"footnotes":""},"categories":[458,459,17988],"tags":[],"class_list":["post-299487","post","type-post","status-publish","format-standard","has-post-thumbnail","","category-dunya1","category-haberler-arap-uluslararasi-politika","category-son-haberler"],"_links":{"self":[{"href":"https:\/\/archive.sana.sy\/tr\/index.php?rest_route=\/wp\/v2\/posts\/299487","targetHints":{"allow":["GET"]}}],"collection":[{"href":"https:\/\/archive.sana.sy\/tr\/index.php?rest_route=\/wp\/v2\/posts"}],"about":[{"href":"https:\/\/archive.sana.sy\/tr\/index.php?rest_route=\/wp\/v2\/types\/post"}],"author":[{"embeddable":true,"href":"https:\/\/archive.sana.sy\/tr\/index.php?rest_route=\/wp\/v2\/users\/39"}],"replies":[{"embeddable":true,"href":"https:\/\/archive.sana.sy\/tr\/index.php?rest_route=%2Fwp%2Fv2%2Fcomments&post=299487"}],"version-history":[{"count":2,"href":"https:\/\/archive.sana.sy\/tr\/index.php?rest_route=\/wp\/v2\/posts\/299487\/revisions"}],"predecessor-version":[{"id":299500,"href":"https:\/\/archive.sana.sy\/tr\/index.php?rest_route=\/wp\/v2\/posts\/299487\/revisions\/299500"}],"wp:featuredmedia":[{"embeddable":true,"href":"https:\/\/archive.sana.sy\/tr\/index.php?rest_route=\/wp\/v2\/media\/299488"}],"wp:attachment":[{"href":"https:\/\/archive.sana.sy\/tr\/index.php?rest_route=%2Fwp%2Fv2%2Fmedia&parent=299487"}],"wp:term":[{"taxonomy":"category","embeddable":true,"href":"https:\/\/archive.sana.sy\/tr\/index.php?rest_route=%2Fwp%2Fv2%2Fcategories&post=299487"},{"taxonomy":"post_tag","embeddable":true,"href":"https:\/\/archive.sana.sy\/tr\/index.php?rest_route=%2Fwp%2Fv2%2Ftags&post=299487"}],"curies":[{"name":"wp","href":"https:\/\/api.w.org\/{rel}","templated":true}]}}