{"id":299506,"date":"2024-04-03T12:50:15","date_gmt":"2024-04-03T09:50:15","guid":{"rendered":"https:\/\/sana.sy\/tr\/?p=299506"},"modified":"2024-04-07T10:34:18","modified_gmt":"2024-04-07T07:34:18","slug":"filistin-sagligi-gectigimiz-ekim-ayindan-bu-yana-israilin-gazzeye-yonelik-devam-eden-saldirganligi-sonucunda-32-975-sehit","status":"publish","type":"post","link":"https:\/\/archive.sana.sy\/tr\/?p=299506","title":{"rendered":"Filistin Sa\u011fl\u0131\u011f\u0131: Ge\u00e7ti\u011fimiz Ekim Ay\u0131ndan Bu Yana \u0130srail&#8217;in Gazze&#8217;ye Y\u00f6nelik Devam Eden Sald\u0131rganl\u0131\u011f\u0131 Sonucunda 32.975 \u015eehit"},"content":{"rendered":"<p style=\"text-align: justify;\"><strong>\u0130\u015eGAL ED\u0130LEN KUD\u00dcS (SANA)<\/strong> &#8211; Filistin Sa\u011fl\u0131k Bakanl\u0131\u011f\u0131, \u0130srail i\u015fgalinin Gazze \u015eeridi&#8217;ne y\u00f6nelik 7 Ekim&#8217;den bu yana devam eden sald\u0131r\u0131lar\u0131nda hayat\u0131n\u0131 kaybedenlerin say\u0131s\u0131n\u0131n 32 bin 975 \u015fehit ve 75 bin 577 yaral\u0131ya y\u00fckseldi\u011fini duyurdu.<\/p>\n<p style=\"text-align: justify;\">Bakanl\u0131k bug\u00fcn yapt\u0131\u011f\u0131 a\u00e7\u0131klamada \u015funlar\u0131 s\u00f6yledi: \u2018\u2019I\u015fgalci \u0130srail son 24 saatte Gazze \u015eeridi&#8217;nde 5 katliam ger\u00e7ekle\u015ftirerek 59 \u015fehit ve 83 yaral\u0131 b\u0131rakt\u0131. \u00c7ok say\u0131da ma\u011fdur halen enkaz alt\u0131nda ve yollardayken, ambulans ve sivil savunma ekipleri onlara ula\u015fam\u0131yor.\u2019\u2019<\/p>\n<p style=\"text-align: justify;\">\u0130srail&#8217;in Gazze \u015eeridi&#8217;nin merkezindeki Deyir El Balah&#8217;\u0131n g\u00fcneyindeki evleri i\u015fgalci bombard\u0131man\u0131 sonucu 3 Filistinli \u015fehit oldu, \u00e7ok say\u0131da ki\u015fi de yaraland\u0131.<\/p>\n<p style=\"text-align: justify;\">\u0130\u015fgal top\u00e7usunun Gazze \u015eeridi&#8217;nin g\u00fcneyindeki Han Yunus kentinde \u00e7ok say\u0131da evi bombalamas\u0131 sonucu 5 \u015fehit \u00f6ld\u00fc, 10 ki\u015fi de yaraland\u0131.<\/p>\n<p style=\"text-align: justify;\">\u0130\u015fgal top\u00e7usu, \u015eeyh Ajlin, Tel El Hava ve El Zaytun da dahil olmak \u00fczere Gazze \u015eehri&#8217;ndeki bir\u00e7ok mahalleyi bombalayarak \u00e7ok say\u0131da Filistinliyi yaralad\u0131. \u00a0Bu arada i\u015fgal donanmas\u0131, Gazze \u015eeridi&#8217;nin g\u00fcneyindeki Refah ve Han Yunus \u015fehirlerindeki El Mavasi b\u00f6lgesindeki yerinden edilmi\u015flerin evlerini ve \u00e7ad\u0131rlar\u0131n\u0131 top mermileri ve makineli t\u00fcfeklerle hedef ald\u0131.<\/p>\n<p style=\"text-align: center;\"><strong><a href=\"https:\/\/t.me\/SuriyeArapHaberAjansI\">Telegram Kanal\u0131m\u0131z\u00a0<\/a>||<a href=\"https:\/\/twitter.com\/arap_ajans\">X Platformumuz\u00a0<\/a>||<a href=\"https:\/\/www.facebook.com\/SANAHaberAjansi\/\">Facebook Sayfam\u0131z<\/a><\/strong><\/p>\n","protected":false},"excerpt":{"rendered":"<p>\u0130\u015eGAL ED\u0130LEN KUD\u00dcS (SANA) &#8211; Filistin Sa\u011fl\u0131k Bakanl\u0131\u011f\u0131, \u0130srail i\u015fgalinin Gazze \u015eeridi&#8217;ne y\u00f6nelik 7 Ekim&#8217;den bu yana devam eden sald\u0131r\u0131lar\u0131nda hayat\u0131n\u0131 kaybedenlerin say\u0131s\u0131n\u0131n 32 bin 975 \u015fehit ve 75 bin 577 yaral\u0131ya y\u00fckseldi\u011fini duyurdu. Bakanl\u0131k bug\u00fcn yapt\u0131\u011f\u0131 a\u00e7\u0131klamada \u015funlar\u0131 s\u00f6yledi: \u2018\u2019I\u015fgalci \u0130srail son 24 saatte Gazze \u015eeridi&#8217;nde 5 katliam ger\u00e7ekle\u015ftirerek 59 \u015fehit ve 83 yaral\u0131 &hellip;<\/p>\n","protected":false},"author":41,"featured_media":299507,"comment_status":"closed","ping_status":"closed","sticky":false,"template":"","format":"standard","meta":{"footnotes":""},"categories":[458,459,17988],"tags":[41112],"class_list":["post-299506","post","type-post","status-publish","format-standard","has-post-thumbnail","","category-dunya1","category-haberler-arap-uluslararasi-politika","category-son-haberler","tag-filistin-sagligi-gectigimiz-ekim-ayindan-bu-yana-israilin-gazzeye-yonelik-devam-eden-saldirganligi-sonucunda-32-975-sehit"],"_links":{"self":[{"href":"https:\/\/archive.sana.sy\/tr\/index.php?rest_route=\/wp\/v2\/posts\/299506","targetHints":{"allow":["GET"]}}],"collection":[{"href":"https:\/\/archive.sana.sy\/tr\/index.php?rest_route=\/wp\/v2\/posts"}],"about":[{"href":"https:\/\/archive.sana.sy\/tr\/index.php?rest_route=\/wp\/v2\/types\/post"}],"author":[{"embeddable":true,"href":"https:\/\/archive.sana.sy\/tr\/index.php?rest_route=\/wp\/v2\/users\/41"}],"replies":[{"embeddable":true,"href":"https:\/\/archive.sana.sy\/tr\/index.php?rest_route=%2Fwp%2Fv2%2Fcomments&post=299506"}],"version-history":[{"count":2,"href":"https:\/\/archive.sana.sy\/tr\/index.php?rest_route=\/wp\/v2\/posts\/299506\/revisions"}],"predecessor-version":[{"id":299511,"href":"https:\/\/archive.sana.sy\/tr\/index.php?rest_route=\/wp\/v2\/posts\/299506\/revisions\/299511"}],"wp:featuredmedia":[{"embeddable":true,"href":"https:\/\/archive.sana.sy\/tr\/index.php?rest_route=\/wp\/v2\/media\/299507"}],"wp:attachment":[{"href":"https:\/\/archive.sana.sy\/tr\/index.php?rest_route=%2Fwp%2Fv2%2Fmedia&parent=299506"}],"wp:term":[{"taxonomy":"category","embeddable":true,"href":"https:\/\/archive.sana.sy\/tr\/index.php?rest_route=%2Fwp%2Fv2%2Fcategories&post=299506"},{"taxonomy":"post_tag","embeddable":true,"href":"https:\/\/archive.sana.sy\/tr\/index.php?rest_route=%2Fwp%2Fv2%2Ftags&post=299506"}],"curies":[{"name":"wp","href":"https:\/\/api.w.org\/{rel}","templated":true}]}}