{"id":299519,"date":"2024-04-04T10:21:38","date_gmt":"2024-04-04T07:21:38","guid":{"rendered":"https:\/\/sana.sy\/tr\/?p=299519"},"modified":"2024-04-07T10:34:45","modified_gmt":"2024-04-07T07:34:45","slug":"israilin-gazze-seridine-yonelik-saldirganliginin-181inci-gununde-cok-sayida-filistinli-sehit-dustu","status":"publish","type":"post","link":"https:\/\/archive.sana.sy\/tr\/?p=299519","title":{"rendered":"\u0130srail&#8217;in Gazze \u015eeridi&#8217;ne Y\u00f6nelik Sald\u0131rganl\u0131\u011f\u0131n\u0131n 181&#8217;inci G\u00fcn\u00fcnde \u00c7ok Say\u0131da Filistinli \u015eehit D\u00fc\u015ft\u00fc"},"content":{"rendered":"<p style=\"text-align: justify;\"><strong>\u0130\u015eGAL ED\u0130LEN KUD\u00dcS (SANA) _<\/strong> \u00a0\u0130\u015fgalci \u0130srail&#8217;in Gazze \u015eeridi&#8217;ne y\u00f6nelik sald\u0131rganl\u0131klar\u0131n\u0131n 181&#8217;inci g\u00fcn\u00fcnde farkl\u0131 b\u00f6lgeleri bombalamas\u0131 sonucu bug\u00fcn \u015fafak vakti \u00e7ok say\u0131da Filistinli \u015fehit d\u00fc\u015ft\u00fc, \u00e7ok say\u0131da ki\u015fi de yaraland\u0131.<\/p>\n<p style=\"text-align: justify;\">Filistin medyas\u0131, i\u015fgal u\u00e7aklar\u0131n\u0131n Gazze \u015eeridi&#8217;nin g\u00fcneyindeki Refah kentine bir dizi hava sald\u0131r\u0131s\u0131 d\u00fczenledi\u011fini ve bunlar\u0131n 3&#8217;\u00fc \u00e7ocuk 8 Filistinlinin d\u00fc\u015fmesine yol a\u00e7t\u0131\u011f\u0131n\u0131, ayr\u0131ca Refah&#8217;\u0131n bat\u0131s\u0131ndaki Sultan Mahallesi&#8217;nde bir evin bombalanmas\u0131 sonucu birka\u00e7 ki\u015fi \u015fehit d\u00fc\u015ft\u00fc\u011f\u00fcn\u00fc ve yaraland\u0131\u011f\u0131n\u0131 belirtirken, i\u015fgal u\u00e7aklar\u0131n\u0131n Gazze \u015eeridi&#8217;nin merkezindeki El Me\u011fazi kamp\u0131n\u0131 bombalamas\u0131 sonucu 4 Filistinli \u015fehit d\u00fc\u015ft\u00fc\u011f\u00fcn\u00fc, 15 ki\u015fi de yaraland\u0131\u011f\u0131na i\u015faret etti.<\/p>\n<p style=\"text-align: justify;\">Bu ba\u011flamda Filistinli kurtarma ve sivil savunma ekipleri \u00e7ok say\u0131da \u00e7ocu\u011fun cesetlerini \u00e7\u0131karmay\u0131 ve birka\u00e7 yaral\u0131y\u0131 kurtarmay\u0131 ba\u015fararak, Refah&#8217;\u0131n kuzeydo\u011fusundaki bir evin bug\u00fcn \u015fafak vakti i\u015fgal u\u00e7aklar\u0131 taraf\u0131ndan bombalanmas\u0131n\u0131n ard\u0131ndan enkaz alt\u0131ndan bir \u00e7ocu\u011fu canl\u0131 olarak kurtard\u0131.<\/p>\n<p style=\"text-align: center;\"><strong><a href=\"https:\/\/t.me\/SuriyeArapHaberAjansI\">Telegram Kanal\u0131m\u0131z\u00a0<\/a>||<a href=\"https:\/\/twitter.com\/arap_ajans\">X Platformumuz\u00a0<\/a>||<a href=\"https:\/\/www.facebook.com\/SANAHaberAjansi\/\">Facebook Sayfam\u0131z<\/a><\/strong><\/p>\n","protected":false},"excerpt":{"rendered":"<p>\u0130\u015eGAL ED\u0130LEN KUD\u00dcS (SANA) _ \u00a0\u0130\u015fgalci \u0130srail&#8217;in Gazze \u015eeridi&#8217;ne y\u00f6nelik sald\u0131rganl\u0131klar\u0131n\u0131n 181&#8217;inci g\u00fcn\u00fcnde farkl\u0131 b\u00f6lgeleri bombalamas\u0131 sonucu bug\u00fcn \u015fafak vakti \u00e7ok say\u0131da Filistinli \u015fehit d\u00fc\u015ft\u00fc, \u00e7ok say\u0131da ki\u015fi de yaraland\u0131. Filistin medyas\u0131, i\u015fgal u\u00e7aklar\u0131n\u0131n Gazze \u015eeridi&#8217;nin g\u00fcneyindeki Refah kentine bir dizi hava sald\u0131r\u0131s\u0131 d\u00fczenledi\u011fini ve bunlar\u0131n 3&#8217;\u00fc \u00e7ocuk 8 Filistinlinin d\u00fc\u015fmesine yol a\u00e7t\u0131\u011f\u0131n\u0131, ayr\u0131ca Refah&#8217;\u0131n &hellip;<\/p>\n","protected":false},"author":39,"featured_media":299520,"comment_status":"closed","ping_status":"closed","sticky":false,"template":"","format":"standard","meta":{"footnotes":""},"categories":[458,459,17988],"tags":[],"class_list":["post-299519","post","type-post","status-publish","format-standard","has-post-thumbnail","","category-dunya1","category-haberler-arap-uluslararasi-politika","category-son-haberler"],"_links":{"self":[{"href":"https:\/\/archive.sana.sy\/tr\/index.php?rest_route=\/wp\/v2\/posts\/299519","targetHints":{"allow":["GET"]}}],"collection":[{"href":"https:\/\/archive.sana.sy\/tr\/index.php?rest_route=\/wp\/v2\/posts"}],"about":[{"href":"https:\/\/archive.sana.sy\/tr\/index.php?rest_route=\/wp\/v2\/types\/post"}],"author":[{"embeddable":true,"href":"https:\/\/archive.sana.sy\/tr\/index.php?rest_route=\/wp\/v2\/users\/39"}],"replies":[{"embeddable":true,"href":"https:\/\/archive.sana.sy\/tr\/index.php?rest_route=%2Fwp%2Fv2%2Fcomments&post=299519"}],"version-history":[{"count":1,"href":"https:\/\/archive.sana.sy\/tr\/index.php?rest_route=\/wp\/v2\/posts\/299519\/revisions"}],"predecessor-version":[{"id":299521,"href":"https:\/\/archive.sana.sy\/tr\/index.php?rest_route=\/wp\/v2\/posts\/299519\/revisions\/299521"}],"wp:featuredmedia":[{"embeddable":true,"href":"https:\/\/archive.sana.sy\/tr\/index.php?rest_route=\/wp\/v2\/media\/299520"}],"wp:attachment":[{"href":"https:\/\/archive.sana.sy\/tr\/index.php?rest_route=%2Fwp%2Fv2%2Fmedia&parent=299519"}],"wp:term":[{"taxonomy":"category","embeddable":true,"href":"https:\/\/archive.sana.sy\/tr\/index.php?rest_route=%2Fwp%2Fv2%2Fcategories&post=299519"},{"taxonomy":"post_tag","embeddable":true,"href":"https:\/\/archive.sana.sy\/tr\/index.php?rest_route=%2Fwp%2Fv2%2Ftags&post=299519"}],"curies":[{"name":"wp","href":"https:\/\/api.w.org\/{rel}","templated":true}]}}