{"id":299528,"date":"2024-04-04T10:41:29","date_gmt":"2024-04-04T07:41:29","guid":{"rendered":"https:\/\/sana.sy\/tr\/?p=299528"},"modified":"2024-04-07T10:34:51","modified_gmt":"2024-04-07T07:34:51","slug":"moritanya-ve-tacikistan-israilin-samdaki-iran-konsolosluguna-yonelik-saldirganligini-kinadi","status":"publish","type":"post","link":"https:\/\/archive.sana.sy\/tr\/?p=299528","title":{"rendered":"Moritanya Ve Tacikistan, \u0130srail&#8217;in \u015eam&#8217;daki \u0130ran Konsoloslu\u011funa Y\u00f6nelik Sald\u0131rganl\u0131\u011f\u0131n\u0131 K\u0131nad\u0131"},"content":{"rendered":"<p style=\"text-align: justify;\"><strong>NOUAKCHOTT-DU\u015eANBE (SANA) \u2013 <\/strong>Moritanya \u0130slam Cumhuriyeti, \u0130srail&#8217;in \u015eam&#8217;daki \u0130ran konsoloslu\u011funu hedef alan ter\u00f6r sald\u0131r\u0131s\u0131n\u0131 k\u0131nad\u0131.<\/p>\n<p style=\"text-align: justify;\">MOR\u0130TANYA Haber Ajans\u0131 taraf\u0131ndan yay\u0131nlanan a\u00e7\u0131klamada D\u0131\u015fi\u015fleri, \u0130\u015fbirli\u011fi ve Yurtd\u0131\u015f\u0131ndaki Moritanyal\u0131lar Bakanl\u0131\u011f\u0131, bu sald\u0131rganl\u0131\u011f\u0131 Suriye Cumhuriyeti&#8217;nin egemenli\u011finin a\u00e7\u0131k bir ihlali ve diplomatik ve konsolosluk merkezlerinin kutsall\u0131\u011f\u0131n\u0131 koruyan uluslararas\u0131 anla\u015fma ve t\u00fcz\u00fcklere b\u00fcy\u00fck bir sayg\u0131s\u0131zl\u0131k olarak de\u011ferlendirdi.<\/p>\n<p style=\"text-align: justify;\">A\u00e7\u0131klamada \u015fu ifadelere yer verildi, &#8220;D\u0131\u015fi\u015fleri, \u0130\u015fbirli\u011fi ve Yurtd\u0131\u015f\u0131ndaki Moritanyal\u0131lar Bakanl\u0131\u011f\u0131, Suriye Cumhuriyeti&#8217;nin egemenli\u011fini a\u00e7\u0131k\u00e7a ihlal ederek, diplomatik ve konsolosluk merkezlerinin kutsall\u0131\u011f\u0131n\u0131 koruyan uluslararas\u0131 anla\u015fma ve s\u00f6zle\u015fmeleri b\u00fcy\u00fck \u00f6l\u00e7\u00fcde hi\u00e7e sayarak, \u015eam&#8217;daki \u0130ran konsoloslu\u011funun \u0130srail u\u00e7aklar\u0131 taraf\u0131ndan hedef al\u0131nmas\u0131n\u0131 g\u00fc\u00e7l\u00fc bir \u015fekilde k\u0131nad\u0131&#8221;.<\/p>\n<p style=\"text-align: justify;\">A\u00e7\u0131klamada, &#8220;Bakanl\u0131k, uluslararas\u0131 hukukun ilgili gereklilikleri uyar\u0131nca diplomatik ve konsolosluk merkezlerine ve devletlerin egemenli\u011fine sayg\u0131 g\u00f6sterilmesi gere\u011fini bir kez daha teyit eder&#8221; ifadelerine ekledi.<\/p>\n<p style=\"text-align: justify;\">Tacikistan ayr\u0131ca ge\u00e7en Pazartesi g\u00fcn\u00fc \u015eam&#8217;daki \u0130ran konsoloslu\u011funu hedef alan \u0130srail ter\u00f6r sald\u0131rganl\u0131\u011f\u0131n\u0131 da k\u0131nayarak, bunun uluslararas\u0131 yasalar\u0131 ihlal etti\u011fini vurgulad\u0131.<\/p>\n<p style=\"text-align: justify;\">Tacik D\u0131\u015fi\u015fleri Bakanl\u0131\u011f\u0131 da yapt\u0131\u011f\u0131 a\u00e7\u0131klamada, &#8220;Bu t\u00fcr eylemlerin, ba\u015fta Viyana S\u00f6zle\u015fmeleri olmak \u00fczere uluslararas\u0131 yasalar\u0131n ihlali anlam\u0131na geldi\u011fini vurgulayarak, ve biz bunlar\u0131n kesinlikle kabul edilemez oldu\u011funu d\u00fc\u015f\u00fcn\u00fcyoruz&#8221; dedi.<\/p>\n<p style=\"text-align: center;\"><strong><a href=\"https:\/\/t.me\/SuriyeArapHaberAjansI\">Telegram Kanal\u0131m\u0131z\u00a0<\/a>||<a href=\"https:\/\/twitter.com\/arap_ajans\">X Platformumuz\u00a0<\/a>||<a href=\"https:\/\/www.facebook.com\/SANAHaberAjansi\/\">Facebook Sayfam\u0131z<\/a><\/strong><\/p>\n","protected":false},"excerpt":{"rendered":"<p>NOUAKCHOTT-DU\u015eANBE (SANA) \u2013 Moritanya \u0130slam Cumhuriyeti, \u0130srail&#8217;in \u015eam&#8217;daki \u0130ran konsoloslu\u011funu hedef alan ter\u00f6r sald\u0131r\u0131s\u0131n\u0131 k\u0131nad\u0131. MOR\u0130TANYA Haber Ajans\u0131 taraf\u0131ndan yay\u0131nlanan a\u00e7\u0131klamada D\u0131\u015fi\u015fleri, \u0130\u015fbirli\u011fi ve Yurtd\u0131\u015f\u0131ndaki Moritanyal\u0131lar Bakanl\u0131\u011f\u0131, bu sald\u0131rganl\u0131\u011f\u0131 Suriye Cumhuriyeti&#8217;nin egemenli\u011finin a\u00e7\u0131k bir ihlali ve diplomatik ve konsolosluk merkezlerinin kutsall\u0131\u011f\u0131n\u0131 koruyan uluslararas\u0131 anla\u015fma ve t\u00fcz\u00fcklere b\u00fcy\u00fck bir sayg\u0131s\u0131zl\u0131k olarak de\u011ferlendirdi. A\u00e7\u0131klamada \u015fu ifadelere yer &hellip;<\/p>\n","protected":false},"author":39,"featured_media":299529,"comment_status":"closed","ping_status":"closed","sticky":false,"template":"","format":"standard","meta":{"footnotes":""},"categories":[458,459,17988],"tags":[],"class_list":["post-299528","post","type-post","status-publish","format-standard","has-post-thumbnail","","category-dunya1","category-haberler-arap-uluslararasi-politika","category-son-haberler"],"_links":{"self":[{"href":"https:\/\/archive.sana.sy\/tr\/index.php?rest_route=\/wp\/v2\/posts\/299528","targetHints":{"allow":["GET"]}}],"collection":[{"href":"https:\/\/archive.sana.sy\/tr\/index.php?rest_route=\/wp\/v2\/posts"}],"about":[{"href":"https:\/\/archive.sana.sy\/tr\/index.php?rest_route=\/wp\/v2\/types\/post"}],"author":[{"embeddable":true,"href":"https:\/\/archive.sana.sy\/tr\/index.php?rest_route=\/wp\/v2\/users\/39"}],"replies":[{"embeddable":true,"href":"https:\/\/archive.sana.sy\/tr\/index.php?rest_route=%2Fwp%2Fv2%2Fcomments&post=299528"}],"version-history":[{"count":1,"href":"https:\/\/archive.sana.sy\/tr\/index.php?rest_route=\/wp\/v2\/posts\/299528\/revisions"}],"predecessor-version":[{"id":299530,"href":"https:\/\/archive.sana.sy\/tr\/index.php?rest_route=\/wp\/v2\/posts\/299528\/revisions\/299530"}],"wp:featuredmedia":[{"embeddable":true,"href":"https:\/\/archive.sana.sy\/tr\/index.php?rest_route=\/wp\/v2\/media\/299529"}],"wp:attachment":[{"href":"https:\/\/archive.sana.sy\/tr\/index.php?rest_route=%2Fwp%2Fv2%2Fmedia&parent=299528"}],"wp:term":[{"taxonomy":"category","embeddable":true,"href":"https:\/\/archive.sana.sy\/tr\/index.php?rest_route=%2Fwp%2Fv2%2Fcategories&post=299528"},{"taxonomy":"post_tag","embeddable":true,"href":"https:\/\/archive.sana.sy\/tr\/index.php?rest_route=%2Fwp%2Fv2%2Ftags&post=299528"}],"curies":[{"name":"wp","href":"https:\/\/api.w.org\/{rel}","templated":true}]}}