{"id":299535,"date":"2024-04-04T11:05:39","date_gmt":"2024-04-04T08:05:39","guid":{"rendered":"https:\/\/sana.sy\/tr\/?p=299535"},"modified":"2024-04-07T10:34:57","modified_gmt":"2024-04-07T07:34:57","slug":"rusya-savunma-bakanligi-teror-orgutlerinin-homs-ve-deyrezzordaki-iki-ussu-imha-edildi","status":"publish","type":"post","link":"https:\/\/archive.sana.sy\/tr\/?p=299535","title":{"rendered":"Rusya Savunma Bakanl\u0131\u011f\u0131, Ter\u00f6r \u00d6rg\u00fctlerinin Homs Ve Deyrezzor&#8217;daki \u0130ki \u00dcss\u00fc \u0130mha Edildi"},"content":{"rendered":"<p style=\"text-align: justify;\"><strong>MOSKOVA (SANA) \u2013 <\/strong>Rusya Savunma Bakanl\u0131\u011f\u0131, Suriye&#8217;de faaliyet g\u00f6steren hava kuvvetlerinin, ter\u00f6r \u00f6rg\u00fctlerinin Homs ve Deyrezzor \u00e7\u00f6llerindeki iki \u00fcss\u00fcn\u00fc imha etti\u011fini duyurdu.<\/p>\n<p style=\"text-align: justify;\">Hmeimim&#8217;deki Rusya Koordinasyon Merkezi Ba\u015fkan Yard\u0131mc\u0131s\u0131 T\u00fcmgeneral Yuri Popov, bas\u0131n a\u00e7\u0131klamas\u0131nda, &#8220;Rus hava sald\u0131r\u0131lar\u0131n\u0131n, Homs\u2019un do\u011fu k\u0131rsal\u0131ndaki Suriye-Irak s\u0131n\u0131r\u0131ndaki El Tenf b\u00f6lgesinden ayr\u0131lan ve Deyrezzor\u2019daki Bi\u015fri s\u0131rada\u011flar\u0131ndaki engebeli b\u00f6lgelere s\u0131\u011f\u0131nan \u201cEl Nusra Cephesi\u201d ter\u00f6ristlerine ait bir \u00fcss\u00fc imha etti&#8221; dedi.<\/p>\n<p style=\"text-align: justify;\">\u0130lgili ba\u011flamda Rus askeri yetkili, El Nusra Cephesi ve s\u00f6zde &#8220;T\u00fcrkistan \u0130slam Partisi&#8221; ter\u00f6ristleri taraf\u0131ndan son 24 saat i\u00e7inde \u0130dlib gerilimi azaltma b\u00f6lgesinde Lazkiye ve Halep&#8217;teki g\u00fcvenli b\u00f6lgelere iki sald\u0131r\u0131 kaydedildi\u011fini belirtti.<\/p>\n<p style=\"text-align: center;\"><strong><a href=\"https:\/\/t.me\/SuriyeArapHaberAjansI\">Telegram Kanal\u0131m\u0131z\u00a0<\/a>||<a href=\"https:\/\/twitter.com\/arap_ajans\">X Platformumuz\u00a0<\/a>||<a href=\"https:\/\/www.facebook.com\/SANAHaberAjansi\/\">Facebook Sayfam\u0131z<\/a><\/strong><\/p>\n","protected":false},"excerpt":{"rendered":"<p>MOSKOVA (SANA) \u2013 Rusya Savunma Bakanl\u0131\u011f\u0131, Suriye&#8217;de faaliyet g\u00f6steren hava kuvvetlerinin, ter\u00f6r \u00f6rg\u00fctlerinin Homs ve Deyrezzor \u00e7\u00f6llerindeki iki \u00fcss\u00fcn\u00fc imha etti\u011fini duyurdu. Hmeimim&#8217;deki Rusya Koordinasyon Merkezi Ba\u015fkan Yard\u0131mc\u0131s\u0131 T\u00fcmgeneral Yuri Popov, bas\u0131n a\u00e7\u0131klamas\u0131nda, &#8220;Rus hava sald\u0131r\u0131lar\u0131n\u0131n, Homs\u2019un do\u011fu k\u0131rsal\u0131ndaki Suriye-Irak s\u0131n\u0131r\u0131ndaki El Tenf b\u00f6lgesinden ayr\u0131lan ve Deyrezzor\u2019daki Bi\u015fri s\u0131rada\u011flar\u0131ndaki engebeli b\u00f6lgelere s\u0131\u011f\u0131nan \u201cEl Nusra Cephesi\u201d &hellip;<\/p>\n","protected":false},"author":39,"featured_media":299536,"comment_status":"closed","ping_status":"closed","sticky":false,"template":"","format":"standard","meta":{"footnotes":""},"categories":[458,459,575,17988],"tags":[],"class_list":["post-299535","post","type-post","status-publish","format-standard","has-post-thumbnail","","category-dunya1","category-haberler-arap-uluslararasi-politika","category-olaylar-ve-gercekler","category-son-haberler"],"_links":{"self":[{"href":"https:\/\/archive.sana.sy\/tr\/index.php?rest_route=\/wp\/v2\/posts\/299535","targetHints":{"allow":["GET"]}}],"collection":[{"href":"https:\/\/archive.sana.sy\/tr\/index.php?rest_route=\/wp\/v2\/posts"}],"about":[{"href":"https:\/\/archive.sana.sy\/tr\/index.php?rest_route=\/wp\/v2\/types\/post"}],"author":[{"embeddable":true,"href":"https:\/\/archive.sana.sy\/tr\/index.php?rest_route=\/wp\/v2\/users\/39"}],"replies":[{"embeddable":true,"href":"https:\/\/archive.sana.sy\/tr\/index.php?rest_route=%2Fwp%2Fv2%2Fcomments&post=299535"}],"version-history":[{"count":5,"href":"https:\/\/archive.sana.sy\/tr\/index.php?rest_route=\/wp\/v2\/posts\/299535\/revisions"}],"predecessor-version":[{"id":299541,"href":"https:\/\/archive.sana.sy\/tr\/index.php?rest_route=\/wp\/v2\/posts\/299535\/revisions\/299541"}],"wp:featuredmedia":[{"embeddable":true,"href":"https:\/\/archive.sana.sy\/tr\/index.php?rest_route=\/wp\/v2\/media\/299536"}],"wp:attachment":[{"href":"https:\/\/archive.sana.sy\/tr\/index.php?rest_route=%2Fwp%2Fv2%2Fmedia&parent=299535"}],"wp:term":[{"taxonomy":"category","embeddable":true,"href":"https:\/\/archive.sana.sy\/tr\/index.php?rest_route=%2Fwp%2Fv2%2Fcategories&post=299535"},{"taxonomy":"post_tag","embeddable":true,"href":"https:\/\/archive.sana.sy\/tr\/index.php?rest_route=%2Fwp%2Fv2%2Ftags&post=299535"}],"curies":[{"name":"wp","href":"https:\/\/api.w.org\/{rel}","templated":true}]}}