{"id":299600,"date":"2024-04-06T09:41:00","date_gmt":"2024-04-06T06:41:00","guid":{"rendered":"https:\/\/sana.sy\/tr\/?p=299600"},"modified":"2024-04-07T10:33:08","modified_gmt":"2024-04-07T07:33:08","slug":"irak-direnisi-iha-ile-israil-isgalindeki-petrol-rafinerilerini-hedef-aldi","status":"publish","type":"post","link":"https:\/\/archive.sana.sy\/tr\/?p=299600","title":{"rendered":"Irak Direni\u015fi \u0130HA&#8217;lar \u0130le \u0130\u015fgalci \u0130srail&#8217;de Petrol Rafinerilerini Hedef Ald\u0131"},"content":{"rendered":"<p style=\"text-align: justify;\"><strong>BA\u011eDAT (SANA)<\/strong> &#8211; Irak direni\u015fi bug\u00fcn \u015fafak vakti i\u015fgal alt\u0131ndaki Filistin&#8217;in Hayfa kentindeki petrol rafinerilerini insans\u0131z hava ara\u00e7lar\u0131yla hedef ald\u0131.<\/p>\n<p style=\"text-align: justify;\">Direni\u015f yapt\u0131\u011f\u0131 a\u00e7\u0131klamada,\u00a0 &#8220;Sava\u015f\u00e7\u0131lar\u0131m\u0131z insans\u0131z hava ara\u00e7lar\u0131 kullanarak i\u015fgal alt\u0131ndaki topraklar\u0131m\u0131zdaki Hayfa&#8217;daki petrol rafinerilerini hedef ald\u0131&#8221; diyerek, \u0130\u015fgale direnme, Gazze&#8217;deki halk\u0131m\u0131za destek verme ve savunmas\u0131z Filistinli sivillere y\u00f6nelik Siyonist katliamlara yan\u0131t verme operasyonlar\u0131n\u0131n ikinci a\u015famas\u0131n\u0131n tamamlanmas\u0131yla d\u00fc\u015fman kalelerinin imhas\u0131na devam edeceklerini kaydetti.<\/p>\n<p style=\"text-align: center;\"><strong><a href=\"https:\/\/t.me\/SuriyeArapHaberAjansI\">Telegram Kanal\u0131m\u0131z\u00a0<\/a>||<a href=\"https:\/\/twitter.com\/arap_ajans\">X Platformumuz\u00a0<\/a>||<a href=\"https:\/\/www.facebook.com\/SANAHaberAjansi\/\">Facebook Sayfam\u0131z<\/a><\/strong><\/p>\n","protected":false},"excerpt":{"rendered":"<p>BA\u011eDAT (SANA) &#8211; Irak direni\u015fi bug\u00fcn \u015fafak vakti i\u015fgal alt\u0131ndaki Filistin&#8217;in Hayfa kentindeki petrol rafinerilerini insans\u0131z hava ara\u00e7lar\u0131yla hedef ald\u0131. Direni\u015f yapt\u0131\u011f\u0131 a\u00e7\u0131klamada,\u00a0 &#8220;Sava\u015f\u00e7\u0131lar\u0131m\u0131z insans\u0131z hava ara\u00e7lar\u0131 kullanarak i\u015fgal alt\u0131ndaki topraklar\u0131m\u0131zdaki Hayfa&#8217;daki petrol rafinerilerini hedef ald\u0131&#8221; diyerek, \u0130\u015fgale direnme, Gazze&#8217;deki halk\u0131m\u0131za destek verme ve savunmas\u0131z Filistinli sivillere y\u00f6nelik Siyonist katliamlara yan\u0131t verme operasyonlar\u0131n\u0131n ikinci a\u015famas\u0131n\u0131n &hellip;<\/p>\n","protected":false},"author":36,"featured_media":299601,"comment_status":"closed","ping_status":"closed","sticky":false,"template":"","format":"standard","meta":{"footnotes":""},"categories":[458,459,17988],"tags":[],"class_list":["post-299600","post","type-post","status-publish","format-standard","has-post-thumbnail","","category-dunya1","category-haberler-arap-uluslararasi-politika","category-son-haberler"],"_links":{"self":[{"href":"https:\/\/archive.sana.sy\/tr\/index.php?rest_route=\/wp\/v2\/posts\/299600","targetHints":{"allow":["GET"]}}],"collection":[{"href":"https:\/\/archive.sana.sy\/tr\/index.php?rest_route=\/wp\/v2\/posts"}],"about":[{"href":"https:\/\/archive.sana.sy\/tr\/index.php?rest_route=\/wp\/v2\/types\/post"}],"author":[{"embeddable":true,"href":"https:\/\/archive.sana.sy\/tr\/index.php?rest_route=\/wp\/v2\/users\/36"}],"replies":[{"embeddable":true,"href":"https:\/\/archive.sana.sy\/tr\/index.php?rest_route=%2Fwp%2Fv2%2Fcomments&post=299600"}],"version-history":[{"count":3,"href":"https:\/\/archive.sana.sy\/tr\/index.php?rest_route=\/wp\/v2\/posts\/299600\/revisions"}],"predecessor-version":[{"id":299630,"href":"https:\/\/archive.sana.sy\/tr\/index.php?rest_route=\/wp\/v2\/posts\/299600\/revisions\/299630"}],"wp:featuredmedia":[{"embeddable":true,"href":"https:\/\/archive.sana.sy\/tr\/index.php?rest_route=\/wp\/v2\/media\/299601"}],"wp:attachment":[{"href":"https:\/\/archive.sana.sy\/tr\/index.php?rest_route=%2Fwp%2Fv2%2Fmedia&parent=299600"}],"wp:term":[{"taxonomy":"category","embeddable":true,"href":"https:\/\/archive.sana.sy\/tr\/index.php?rest_route=%2Fwp%2Fv2%2Fcategories&post=299600"},{"taxonomy":"post_tag","embeddable":true,"href":"https:\/\/archive.sana.sy\/tr\/index.php?rest_route=%2Fwp%2Fv2%2Ftags&post=299600"}],"curies":[{"name":"wp","href":"https:\/\/api.w.org\/{rel}","templated":true}]}}