{"id":299603,"date":"2024-04-06T10:59:31","date_gmt":"2024-04-06T07:59:31","guid":{"rendered":"https:\/\/sana.sy\/tr\/?p=299603"},"modified":"2024-04-07T10:39:32","modified_gmt":"2024-04-07T07:39:32","slug":"aksa-tufani-operasyonu-bugunun-en-one-cikan-gelismeleri-97","status":"publish","type":"post","link":"https:\/\/archive.sana.sy\/tr\/?p=299603","title":{"rendered":"Aksa Tufan\u0131 Operasyonu\u2026 Bug\u00fcn\u00fcn En \u00d6ne \u00c7\u0131kan Geli\u015fmeleri"},"content":{"rendered":"<p style=\"text-align: justify;\"><strong>\u0130\u015eGAL ED\u0130LEN KUD\u00dcS (SANA) \u2013<\/strong>\u00a0Filistin direni\u015finin i\u015fgalci \u0130srail\u2019in sald\u0131rganl\u0131\u011f\u0131na yan\u0131t olarak 7 Ekim\u2019de ba\u015flatt\u0131\u011f\u0131 Aksa Tufan\u0131 Operasyonu\u2019nda \u00f6ne \u00e7\u0131kan geli\u015fmeler:<\/p>\n<ul>\n<li style=\"text-align: justify;\">Filistin Sa\u011fl\u0131k Bakanl\u0131\u011f\u0131: \u0130srail&#8217;in Gazze \u015eeridi&#8217;nde ge\u00e7en Ekim ay\u0131n\u0131n yedisinden bu yana devam eden sald\u0131rganl\u0131\u011f\u0131n\u0131n kurbanlar\u0131n\u0131n say\u0131s\u0131 33.137 \u015fehit ve 75.815 yaral\u0131ya y\u00fckseldi.<\/li>\n<li style=\"text-align: justify;\">Filistin Sa\u011fl\u0131k Bakanl\u0131\u011f\u0131: \u0130srail i\u015fgali son 24 saatte Gazze \u015eeridi&#8217;nde 4 katliam ger\u00e7ekle\u015ftirerek 46 \u015fehit ve 65 yaral\u0131 b\u0131rakt\u0131.<\/li>\n<li style=\"text-align: justify;\">Filistin direni\u015fi, Gazze \u015eeridi&#8217;nin merkezindeki Deyir El Balah&#8217;\u0131n do\u011fusunda i\u015fgalci \u0130srail alt\u0131ndaki Merkava 4 tank\u0131n\u0131 delici bir aletle patlatt\u0131.<\/li>\n<li>\n<p style=\"text-align: justify;\"><a href=\"https:\/\/sana.sy\/tr\/?p=299626\">Gazze \u015eeridi&#8217;nin \u00e7e\u015fitli b\u00f6lgelerine aral\u0131ks\u0131z d\u00fczenlenen i\u015fgal bombard\u0131man\u0131 sonucu onlarca \u015fehit ve yaral\u0131.<\/a><\/p>\n<\/li>\n<\/ul>\n<p style=\"text-align: center;\"><strong><a href=\"https:\/\/t.me\/SuriyeArapHaberAjansI\">Telegram Kanal\u0131m\u0131z\u00a0<\/a>||<a href=\"https:\/\/twitter.com\/arap_ajans\">X Platformumuz\u00a0<\/a>||<a href=\"https:\/\/www.facebook.com\/SANAHaberAjansi\/\">Facebook Sayfam\u0131z<\/a><\/strong><\/p>\n","protected":false},"excerpt":{"rendered":"<p>\u0130\u015eGAL ED\u0130LEN KUD\u00dcS (SANA) \u2013\u00a0Filistin direni\u015finin i\u015fgalci \u0130srail\u2019in sald\u0131rganl\u0131\u011f\u0131na yan\u0131t olarak 7 Ekim\u2019de ba\u015flatt\u0131\u011f\u0131 Aksa Tufan\u0131 Operasyonu\u2019nda \u00f6ne \u00e7\u0131kan geli\u015fmeler: Filistin Sa\u011fl\u0131k Bakanl\u0131\u011f\u0131: \u0130srail&#8217;in Gazze \u015eeridi&#8217;nde ge\u00e7en Ekim ay\u0131n\u0131n yedisinden bu yana devam eden sald\u0131rganl\u0131\u011f\u0131n\u0131n kurbanlar\u0131n\u0131n say\u0131s\u0131 33.137 \u015fehit ve 75.815 yaral\u0131ya y\u00fckseldi. Filistin Sa\u011fl\u0131k Bakanl\u0131\u011f\u0131: \u0130srail i\u015fgali son 24 saatte Gazze \u015eeridi&#8217;nde 4 katliam &hellip;<\/p>\n","protected":false},"author":36,"featured_media":299604,"comment_status":"closed","ping_status":"closed","sticky":false,"template":"","format":"standard","meta":{"footnotes":""},"categories":[458,459,17988],"tags":[],"class_list":["post-299603","post","type-post","status-publish","format-standard","has-post-thumbnail","","category-dunya1","category-haberler-arap-uluslararasi-politika","category-son-haberler"],"_links":{"self":[{"href":"https:\/\/archive.sana.sy\/tr\/index.php?rest_route=\/wp\/v2\/posts\/299603","targetHints":{"allow":["GET"]}}],"collection":[{"href":"https:\/\/archive.sana.sy\/tr\/index.php?rest_route=\/wp\/v2\/posts"}],"about":[{"href":"https:\/\/archive.sana.sy\/tr\/index.php?rest_route=\/wp\/v2\/types\/post"}],"author":[{"embeddable":true,"href":"https:\/\/archive.sana.sy\/tr\/index.php?rest_route=\/wp\/v2\/users\/36"}],"replies":[{"embeddable":true,"href":"https:\/\/archive.sana.sy\/tr\/index.php?rest_route=%2Fwp%2Fv2%2Fcomments&post=299603"}],"version-history":[{"count":3,"href":"https:\/\/archive.sana.sy\/tr\/index.php?rest_route=\/wp\/v2\/posts\/299603\/revisions"}],"predecessor-version":[{"id":299629,"href":"https:\/\/archive.sana.sy\/tr\/index.php?rest_route=\/wp\/v2\/posts\/299603\/revisions\/299629"}],"wp:featuredmedia":[{"embeddable":true,"href":"https:\/\/archive.sana.sy\/tr\/index.php?rest_route=\/wp\/v2\/media\/299604"}],"wp:attachment":[{"href":"https:\/\/archive.sana.sy\/tr\/index.php?rest_route=%2Fwp%2Fv2%2Fmedia&parent=299603"}],"wp:term":[{"taxonomy":"category","embeddable":true,"href":"https:\/\/archive.sana.sy\/tr\/index.php?rest_route=%2Fwp%2Fv2%2Fcategories&post=299603"},{"taxonomy":"post_tag","embeddable":true,"href":"https:\/\/archive.sana.sy\/tr\/index.php?rest_route=%2Fwp%2Fv2%2Ftags&post=299603"}],"curies":[{"name":"wp","href":"https:\/\/api.w.org\/{rel}","templated":true}]}}