{"id":299620,"date":"2024-04-06T11:23:29","date_gmt":"2024-04-06T08:23:29","guid":{"rendered":"https:\/\/sana.sy\/tr\/?p=299620"},"modified":"2024-04-07T10:33:23","modified_gmt":"2024-04-07T07:33:23","slug":"rusya-savunmasi-205-ukrayna-ihasi-imha-edildi","status":"publish","type":"post","link":"https:\/\/archive.sana.sy\/tr\/?p=299620","title":{"rendered":"Rusya Savunmas\u0131: 205 Ukrayna \u0130HA&#8217;s\u0131 \u0130mha Edildi"},"content":{"rendered":"<p style=\"text-align: justify;\"><strong>MOSKOVA (SANA) &#8211;<\/strong> Rusya Savunma Bakanl\u0131\u011f\u0131, ge\u00e7ti\u011fimiz g\u00fcn g\u00fc\u00e7lerinin 205 Ukrayna \u0130HA&#8217;s\u0131n\u0131 d\u00fc\u015f\u00fcrd\u00fc\u011f\u00fcn\u00fc, yakla\u015f\u0131k 910 Ukraynal\u0131 askeri etkisiz hale getirdi\u011fini duyurdu.<\/p>\n<p style=\"text-align: justify;\">Bakanl\u0131k, Rusya&#8217;n\u0131n Donbass&#8217;taki \u00f6zel askeri operasyonunun y\u00fcr\u00fct\u00fclmesine ili\u015fkin g\u00fcnl\u00fck raporunda \u015funlar\u0131 s\u00f6yledi:<\/p>\n<ul>\n<li style=\"text-align: justify;\">G\u00fc\u00e7lerimiz, Ukrayna&#8217;n\u0131n askeri-sanayi kompleksinde z\u0131rhl\u0131 ara\u00e7, ara\u00e7 ve insans\u0131z hava arac\u0131 \u00fcreten ve tamir eden i\u015fletmelere havadan, denizden ve insans\u0131z hava ara\u00e7lar\u0131ndan y\u00fcksek hassasiyetli uzun menzilli silahlarla yo\u011fun bir sald\u0131r\u0131 d\u00fczenledi.<\/li>\n<li style=\"text-align: justify;\">G\u00fc\u00e7lerimiz ayr\u0131ca askeri havaalanlar\u0131n\u0131 ve yabanc\u0131 paral\u0131 askerlerin ge\u00e7ici konu\u015flanma noktalar\u0131n\u0131 da bombalad\u0131.<\/li>\n<li style=\"text-align: justify;\">Sald\u0131r\u0131 hedeflerine ula\u015f\u0131ld\u0131 ve belirlenen t\u00fcm hedefler vuruldu.<\/li>\n<li style=\"text-align: justify;\">Peki Donetsk ekseninde: Rus kuvvetleri Ukrayna kuvvetlerinin iki sald\u0131r\u0131s\u0131n\u0131 p\u00fcsk\u00fcrt\u00fcrken, Avdiivka ekseninde ise 12 sald\u0131r\u0131 p\u00fcsk\u00fcrt\u00fclerek bu g\u00fc\u00e7lere a\u011f\u0131r kay\u0131plar verildi.<\/li>\n<li style=\"text-align: justify;\">Kharkov b\u00f6lgesinde, Rus kuvvetleri, Frans\u0131z ve \u0130talyan yap\u0131m\u0131 iki Samp-T u\u00e7aksavar f\u00fcze sistemi rampas\u0131n\u0131 imha etti.<\/li>\n<li style=\"text-align: justify;\">Rus hava savunmas\u0131 205 Ukrayna \u0130HA&#8217;s\u0131n\u0131 d\u00fc\u015f\u00fcrd\u00fc<\/li>\n<li style=\"text-align: justify;\">Frans\u0131z yap\u0131m\u0131 Hummer g\u00fcd\u00fcml\u00fc hava bombas\u0131 ele ge\u00e7irildi.<\/li>\n<li style=\"text-align: justify;\">Ayr\u0131ca \u201cHimars\u201d ve \u201cUragan\u201d roketatarlar\u0131ndan 6 mermiyi de ele ge\u00e7irdi.<\/li>\n<\/ul>\n<p style=\"text-align: center;\"><strong><a href=\"https:\/\/t.me\/SuriyeArapHaberAjansI\">Telegram Kanal\u0131m\u0131z\u00a0<\/a>||<a href=\"https:\/\/twitter.com\/arap_ajans\">X Platformumuz\u00a0<\/a>||<a href=\"https:\/\/www.facebook.com\/SANAHaberAjansi\/\">Facebook Sayfam\u0131z<\/a><\/strong><\/p>\n","protected":false},"excerpt":{"rendered":"<p>MOSKOVA (SANA) &#8211; Rusya Savunma Bakanl\u0131\u011f\u0131, ge\u00e7ti\u011fimiz g\u00fcn g\u00fc\u00e7lerinin 205 Ukrayna \u0130HA&#8217;s\u0131n\u0131 d\u00fc\u015f\u00fcrd\u00fc\u011f\u00fcn\u00fc, yakla\u015f\u0131k 910 Ukraynal\u0131 askeri etkisiz hale getirdi\u011fini duyurdu. Bakanl\u0131k, Rusya&#8217;n\u0131n Donbass&#8217;taki \u00f6zel askeri operasyonunun y\u00fcr\u00fct\u00fclmesine ili\u015fkin g\u00fcnl\u00fck raporunda \u015funlar\u0131 s\u00f6yledi: G\u00fc\u00e7lerimiz, Ukrayna&#8217;n\u0131n askeri-sanayi kompleksinde z\u0131rhl\u0131 ara\u00e7, ara\u00e7 ve insans\u0131z hava arac\u0131 \u00fcreten ve tamir eden i\u015fletmelere havadan, denizden ve insans\u0131z hava ara\u00e7lar\u0131ndan &hellip;<\/p>\n","protected":false},"author":41,"featured_media":299621,"comment_status":"closed","ping_status":"closed","sticky":false,"template":"","format":"standard","meta":{"footnotes":""},"categories":[458,459,17988],"tags":[],"class_list":["post-299620","post","type-post","status-publish","format-standard","has-post-thumbnail","","category-dunya1","category-haberler-arap-uluslararasi-politika","category-son-haberler"],"_links":{"self":[{"href":"https:\/\/archive.sana.sy\/tr\/index.php?rest_route=\/wp\/v2\/posts\/299620","targetHints":{"allow":["GET"]}}],"collection":[{"href":"https:\/\/archive.sana.sy\/tr\/index.php?rest_route=\/wp\/v2\/posts"}],"about":[{"href":"https:\/\/archive.sana.sy\/tr\/index.php?rest_route=\/wp\/v2\/types\/post"}],"author":[{"embeddable":true,"href":"https:\/\/archive.sana.sy\/tr\/index.php?rest_route=\/wp\/v2\/users\/41"}],"replies":[{"embeddable":true,"href":"https:\/\/archive.sana.sy\/tr\/index.php?rest_route=%2Fwp%2Fv2%2Fcomments&post=299620"}],"version-history":[{"count":1,"href":"https:\/\/archive.sana.sy\/tr\/index.php?rest_route=\/wp\/v2\/posts\/299620\/revisions"}],"predecessor-version":[{"id":299622,"href":"https:\/\/archive.sana.sy\/tr\/index.php?rest_route=\/wp\/v2\/posts\/299620\/revisions\/299622"}],"wp:featuredmedia":[{"embeddable":true,"href":"https:\/\/archive.sana.sy\/tr\/index.php?rest_route=\/wp\/v2\/media\/299621"}],"wp:attachment":[{"href":"https:\/\/archive.sana.sy\/tr\/index.php?rest_route=%2Fwp%2Fv2%2Fmedia&parent=299620"}],"wp:term":[{"taxonomy":"category","embeddable":true,"href":"https:\/\/archive.sana.sy\/tr\/index.php?rest_route=%2Fwp%2Fv2%2Fcategories&post=299620"},{"taxonomy":"post_tag","embeddable":true,"href":"https:\/\/archive.sana.sy\/tr\/index.php?rest_route=%2Fwp%2Fv2%2Ftags&post=299620"}],"curies":[{"name":"wp","href":"https:\/\/api.w.org\/{rel}","templated":true}]}}