{"id":299634,"date":"2024-04-06T18:42:41","date_gmt":"2024-04-06T15:42:41","guid":{"rendered":"https:\/\/sana.sy\/tr\/?p=299634"},"modified":"2024-04-08T13:56:28","modified_gmt":"2024-04-08T10:56:28","slug":"isbirligini-gelistirmek-ve-ortakliklar-kurmak-icin-bir-arap-rus-sendika-isbirligi-protokolu","status":"publish","type":"post","link":"https:\/\/archive.sana.sy\/tr\/?p=299634","title":{"rendered":"\u0130\u015fbirli\u011fini Geli\u015ftirmek Ve Ortakl\u0131klar Kurmak \u0130\u00e7in Bir Arap-Rus Sendika \u0130\u015fbirli\u011fi Protokol\u00fc"},"content":{"rendered":"<p style=\"text-align: justify;\"><strong>MOSKOVA (SANA)<\/strong> &#8211;\u00a0 Moskova&#8217;da d\u00fczenlenen Rusya Ba\u011f\u0131ms\u0131z Sendikalar Federasyonu Onikinci Genel Konferans\u0131 \u00e7al\u0131\u015fmalar\u0131na kat\u0131l\u0131m\u0131n\u0131n bir par\u00e7as\u0131 olarak, Uluslararas\u0131 Arap Sendikalar\u0131 Federasyonu Genel Sekreteri Cemal El Kadiri, Uluslararas\u0131 Federasyon ve ba\u011fl\u0131 kurulu\u015flar\u0131 ile eski Sovyetler Birli\u011fi \u00fclkelerini de i\u00e7eren Sendikalar Genel <img loading=\"lazy\" decoding=\"async\" class=\"size-full wp-image-299636 alignright\" src=\"http:\/\/sana.sy\/tr\/wp-content\/uploads\/2024\/04\/4-3-300x200-1.jpg\" alt=\"\" width=\"300\" height=\"200\" \/>Federasyonu aras\u0131nda sendikal i\u015fbirli\u011fi protokol\u00fc imzalad\u0131.<\/p>\n<p style=\"text-align: justify;\">Protokolde, ad\u0131 ge\u00e7en kurulu\u015flar aras\u0131nda ortakl\u0131klar kurulmas\u0131, i\u015fbirli\u011finin derinle\u015ftirilmesi ve menfaat al\u0131\u015fveri\u015finde bulunulmas\u0131, bunlara ba\u011fl\u0131 \u00e7al\u0131\u015fanlar\u0131n \u00e7\u0131karlar\u0131n\u0131n savunulmas\u0131, sosyal ve ekonomik haklar\u0131n\u0131n korunmas\u0131 ve bilgi al\u0131\u015fveri\u015fi konusunda ortak \u00e7aba g\u00f6sterilmesi yer ald\u0131.<\/p>\n<p style=\"text-align: justify;\">Bunun yan\u0131nda da, sosyal politika, i\u015fg\u00fcc\u00fc piyasas\u0131n\u0131n geli\u015fimi, i\u015f g\u00fcvenli\u011fi, \u00fccretler ve gelir, i\u015fg\u00fcc\u00fc g\u00f6\u00e7\u00fc, sosyal ortakl\u0131k, sendika, turizm, k\u00fclt\u00fcr ve spor kadrolar\u0131n\u0131n yeniden e\u011fitimi konular\u0131nda konferans ve seminerler d\u00fczenlenmesi kararla\u015ft\u0131r\u0131ld\u0131.<\/p>\n<p style=\"text-align: justify;\">Protokolde ayr\u0131ca ortak konularda i\u015fbirli\u011fi ve isti\u015farelerin art\u0131r\u0131lmas\u0131 ve \u00fcye kurulu\u015flar aras\u0131ndaki i\u015fbirli\u011fi hedeflerine ula\u015fmak i\u00e7in ek anla\u015fmalar yap\u0131lmas\u0131 gerekti\u011fi belirtildi.<\/p>\n<p style=\"text-align: center;\"><strong><a href=\"https:\/\/t.me\/SuriyeArapHaberAjansI\">Telegram Kanal\u0131m\u0131z\u00a0<\/a>||<a href=\"https:\/\/twitter.com\/arap_ajans\">X Platformumuz\u00a0<\/a>||<a href=\"https:\/\/www.facebook.com\/SANAHaberAjansi\/\">Facebook Sayfam\u0131z<\/a><\/strong><\/p>\n","protected":false},"excerpt":{"rendered":"<p>MOSKOVA (SANA) &#8211;\u00a0 Moskova&#8217;da d\u00fczenlenen Rusya Ba\u011f\u0131ms\u0131z Sendikalar Federasyonu Onikinci Genel Konferans\u0131 \u00e7al\u0131\u015fmalar\u0131na kat\u0131l\u0131m\u0131n\u0131n bir par\u00e7as\u0131 olarak, Uluslararas\u0131 Arap Sendikalar\u0131 Federasyonu Genel Sekreteri Cemal El Kadiri, Uluslararas\u0131 Federasyon ve ba\u011fl\u0131 kurulu\u015flar\u0131 ile eski Sovyetler Birli\u011fi \u00fclkelerini de i\u00e7eren Sendikalar Genel Federasyonu aras\u0131nda sendikal i\u015fbirli\u011fi protokol\u00fc imzalad\u0131. Protokolde, ad\u0131 ge\u00e7en kurulu\u015flar aras\u0131nda ortakl\u0131klar kurulmas\u0131, i\u015fbirli\u011finin derinle\u015ftirilmesi &hellip;<\/p>\n","protected":false},"author":41,"featured_media":299635,"comment_status":"closed","ping_status":"closed","sticky":false,"template":"","format":"standard","meta":{"footnotes":""},"categories":[458,459,17988],"tags":[41119],"class_list":["post-299634","post","type-post","status-publish","format-standard","has-post-thumbnail","","category-dunya1","category-haberler-arap-uluslararasi-politika","category-son-haberler","tag-isbirligini-gelistirmek-ve-ortakliklar-kurmak-icin-bir-arap-rus-sendika-isbirligi-protokolu"],"_links":{"self":[{"href":"https:\/\/archive.sana.sy\/tr\/index.php?rest_route=\/wp\/v2\/posts\/299634","targetHints":{"allow":["GET"]}}],"collection":[{"href":"https:\/\/archive.sana.sy\/tr\/index.php?rest_route=\/wp\/v2\/posts"}],"about":[{"href":"https:\/\/archive.sana.sy\/tr\/index.php?rest_route=\/wp\/v2\/types\/post"}],"author":[{"embeddable":true,"href":"https:\/\/archive.sana.sy\/tr\/index.php?rest_route=\/wp\/v2\/users\/41"}],"replies":[{"embeddable":true,"href":"https:\/\/archive.sana.sy\/tr\/index.php?rest_route=%2Fwp%2Fv2%2Fcomments&post=299634"}],"version-history":[{"count":1,"href":"https:\/\/archive.sana.sy\/tr\/index.php?rest_route=\/wp\/v2\/posts\/299634\/revisions"}],"predecessor-version":[{"id":299637,"href":"https:\/\/archive.sana.sy\/tr\/index.php?rest_route=\/wp\/v2\/posts\/299634\/revisions\/299637"}],"wp:featuredmedia":[{"embeddable":true,"href":"https:\/\/archive.sana.sy\/tr\/index.php?rest_route=\/wp\/v2\/media\/299635"}],"wp:attachment":[{"href":"https:\/\/archive.sana.sy\/tr\/index.php?rest_route=%2Fwp%2Fv2%2Fmedia&parent=299634"}],"wp:term":[{"taxonomy":"category","embeddable":true,"href":"https:\/\/archive.sana.sy\/tr\/index.php?rest_route=%2Fwp%2Fv2%2Fcategories&post=299634"},{"taxonomy":"post_tag","embeddable":true,"href":"https:\/\/archive.sana.sy\/tr\/index.php?rest_route=%2Fwp%2Fv2%2Ftags&post=299634"}],"curies":[{"name":"wp","href":"https:\/\/api.w.org\/{rel}","templated":true}]}}