{"id":299638,"date":"2024-04-06T18:38:12","date_gmt":"2024-04-06T15:38:12","guid":{"rendered":"https:\/\/sana.sy\/tr\/?p=299638"},"modified":"2024-04-08T13:56:25","modified_gmt":"2024-04-08T10:56:25","slug":"israilin-gazze-seridine-yonelik-devam-eden-saldirganligi-sonucunda-33-137-sehit","status":"publish","type":"post","link":"https:\/\/archive.sana.sy\/tr\/?p=299638","title":{"rendered":"\u0130srail&#8217;in Gazze \u015eeridi&#8217;ne Y\u00f6nelik Devam Eden Sald\u0131rganl\u0131\u011f\u0131 Sonucunda 33.137 \u015eehit"},"content":{"rendered":"<p style=\"text-align: justify;\"><strong>\u0130\u015eGAL ED\u0130LEN KUD\u00dcS (SANA)<\/strong> &#8211; Filistin Sa\u011fl\u0131k Bakanl\u0131\u011f\u0131, i\u015fgalci \u0130srail&#8217;in Gazze \u015eeridi&#8217;ne y\u00f6nelik 7 Ekim&#8217;den bu yana devam eden sald\u0131rganl\u0131klar\u0131nda \u015fehit d\u00fc\u015fenlerin say\u0131s\u0131n\u0131n 33 bin 137 \u015fehit ve 75 bin 815 yaral\u0131ya y\u00fckseldi\u011fini duyurdu.<\/p>\n<p style=\"text-align: justify;\">Bakanl\u0131k bug\u00fcn yapt\u0131\u011f\u0131 a\u00e7\u0131klamada \u015funlar\u0131 s\u00f6yledi: \u2018\u2019\u0130\u015fgalci \u0130srail son 24 saatte Gazze \u015eeridi&#8217;nde 4 katliam ger\u00e7ekle\u015ftirerek 46 \u015fehit ve 65 yaral\u0131 b\u0131rakt\u0131. \u00c7ok say\u0131da ma\u011fdur halen enkaz alt\u0131nda ve yollardayken, ambulans ve sivil savunma ekipleri onlara ula\u015fam\u0131yor.\u2019\u2019<\/p>\n<p style=\"text-align: justify;\">\u0130\u015fgal u\u00e7aklar\u0131n\u0131n Gazze \u015eeridi&#8217;nin g\u00fcneyindeki Han Yunus&#8217;taki Nas\u0131r T\u0131p Kompleksi&#8217;nin do\u011fusundaki bir yerle\u015fim b\u00f6lgesini bombalamas\u0131 sonucu \u00e7ok say\u0131da \u015fehit ve yaral\u0131 olu\u015ftu.<\/p>\n<p style=\"text-align: center;\"><strong><a href=\"https:\/\/t.me\/SuriyeArapHaberAjansI\">Telegram Kanal\u0131m\u0131z\u00a0<\/a>||<a href=\"https:\/\/twitter.com\/arap_ajans\">X Platformumuz\u00a0<\/a>||<a href=\"https:\/\/www.facebook.com\/SANAHaberAjansi\/\">Facebook Sayfam\u0131z<\/a><\/strong><\/p>\n","protected":false},"excerpt":{"rendered":"<p>\u0130\u015eGAL ED\u0130LEN KUD\u00dcS (SANA) &#8211; Filistin Sa\u011fl\u0131k Bakanl\u0131\u011f\u0131, i\u015fgalci \u0130srail&#8217;in Gazze \u015eeridi&#8217;ne y\u00f6nelik 7 Ekim&#8217;den bu yana devam eden sald\u0131rganl\u0131klar\u0131nda \u015fehit d\u00fc\u015fenlerin say\u0131s\u0131n\u0131n 33 bin 137 \u015fehit ve 75 bin 815 yaral\u0131ya y\u00fckseldi\u011fini duyurdu. Bakanl\u0131k bug\u00fcn yapt\u0131\u011f\u0131 a\u00e7\u0131klamada \u015funlar\u0131 s\u00f6yledi: \u2018\u2019\u0130\u015fgalci \u0130srail son 24 saatte Gazze \u015eeridi&#8217;nde 4 katliam ger\u00e7ekle\u015ftirerek 46 \u015fehit ve 65 yaral\u0131 &hellip;<\/p>\n","protected":false},"author":41,"featured_media":299639,"comment_status":"closed","ping_status":"closed","sticky":false,"template":"","format":"standard","meta":{"footnotes":""},"categories":[458,459,17988],"tags":[41120],"class_list":["post-299638","post","type-post","status-publish","format-standard","has-post-thumbnail","","category-dunya1","category-haberler-arap-uluslararasi-politika","category-son-haberler","tag-israilin-gazze-seridine-yonelik-devam-eden-saldirganligi-sonucunda-33-137-sehit"],"_links":{"self":[{"href":"https:\/\/archive.sana.sy\/tr\/index.php?rest_route=\/wp\/v2\/posts\/299638","targetHints":{"allow":["GET"]}}],"collection":[{"href":"https:\/\/archive.sana.sy\/tr\/index.php?rest_route=\/wp\/v2\/posts"}],"about":[{"href":"https:\/\/archive.sana.sy\/tr\/index.php?rest_route=\/wp\/v2\/types\/post"}],"author":[{"embeddable":true,"href":"https:\/\/archive.sana.sy\/tr\/index.php?rest_route=\/wp\/v2\/users\/41"}],"replies":[{"embeddable":true,"href":"https:\/\/archive.sana.sy\/tr\/index.php?rest_route=%2Fwp%2Fv2%2Fcomments&post=299638"}],"version-history":[{"count":2,"href":"https:\/\/archive.sana.sy\/tr\/index.php?rest_route=\/wp\/v2\/posts\/299638\/revisions"}],"predecessor-version":[{"id":299641,"href":"https:\/\/archive.sana.sy\/tr\/index.php?rest_route=\/wp\/v2\/posts\/299638\/revisions\/299641"}],"wp:featuredmedia":[{"embeddable":true,"href":"https:\/\/archive.sana.sy\/tr\/index.php?rest_route=\/wp\/v2\/media\/299639"}],"wp:attachment":[{"href":"https:\/\/archive.sana.sy\/tr\/index.php?rest_route=%2Fwp%2Fv2%2Fmedia&parent=299638"}],"wp:term":[{"taxonomy":"category","embeddable":true,"href":"https:\/\/archive.sana.sy\/tr\/index.php?rest_route=%2Fwp%2Fv2%2Fcategories&post=299638"},{"taxonomy":"post_tag","embeddable":true,"href":"https:\/\/archive.sana.sy\/tr\/index.php?rest_route=%2Fwp%2Fv2%2Ftags&post=299638"}],"curies":[{"name":"wp","href":"https:\/\/api.w.org\/{rel}","templated":true}]}}