{"id":299656,"date":"2024-04-07T07:16:12","date_gmt":"2024-04-07T04:16:12","guid":{"rendered":"https:\/\/sana.sy\/tr\/?p=299656"},"modified":"2024-04-08T13:56:33","modified_gmt":"2024-04-08T10:56:33","slug":"silahli-kuvvetlerimiz-halep-ve-idlib-kirsalindaki-teroristlerin-karargahlarini-ve-araclarini-imha-etti","status":"publish","type":"post","link":"https:\/\/archive.sana.sy\/tr\/?p=299656","title":{"rendered":"Silahl\u0131 Kuvvetlerimiz Halep Ve \u0130dlib K\u0131rsal\u0131ndaki Ter\u00f6ristlerin Karargahlar\u0131n\u0131 Ve Ara\u00e7lar\u0131n\u0131 \u0130mha Etti &#8220;V\u0130DEO&#8221;"},"content":{"rendered":"<p style=\"text-align: justify;\"><strong>\u015eAM (SANA) \u2013<\/strong> Silahl\u0131 kuvvetlerimize ba\u011fl\u0131 birimler, dost Rus g\u00fc\u00e7leriyle i\u015fbirli\u011fi i\u00e7inde Halep ve \u0130dlib k\u0131rsal\u0131ndaki \u00e7ok say\u0131da ter\u00f6ristlerin karargah\u0131 ve arac\u0131n\u0131 imha etti ve \u00e7ok say\u0131da \u0130HA&#8217;lar\u0131n\u0131 d\u00fc\u015f\u00fcrd\u00fc.<\/p>\n<p style=\"text-align: justify;\">Askeri bir kaynak SANA&#8217;ya yapt\u0131\u011f\u0131 a\u00e7\u0131klamada, &#8221;Ter\u00f6r \u00f6rg\u00fctlerinin g\u00fcvenli belde ve k\u00f6ylerimiz ile askeri alanlar\u0131m\u0131za y\u00f6nelik devam eden ihlal ve sald\u0131r\u0131lar\u0131na kar\u015f\u0131l\u0131k olarak, yi\u011fit silahl\u0131 kuvvetlerimizin y\u00fcr\u00fctt\u00fc\u011f\u00fc milli g\u00f6revler \u00e7er\u00e7evesinde, silahl\u0131 kuvvetlerimizin Halep ve \u0130dlib k\u0131rsal\u0131na do\u011fru hareket eden birlikler, dost Rus g\u00fc\u00e7leriyle i\u015fbirli\u011fi i\u00e7inde gece ve g\u00fcnd\u00fcz, ter\u00f6r karargahlar\u0131n\u0131, ara\u00e7lar\u0131n\u0131 ve a\u011f\u0131r ekipmanlar\u0131n\u0131 hedef alan \u00e7ok say\u0131da spesifik odakl\u0131 sald\u0131r\u0131 ger\u00e7ekle\u015ftirdi. Bu da tamamen yok olmas\u0131na ve onlarca ter\u00f6ristin \u00f6ld\u00fcr\u00fclmesine ve yaralanmas\u0131na yol a\u00e7t\u0131&#8221; dedi.<\/p>\n<p style=\"text-align: justify;\">Kaynak ayr\u0131ca, &#8221;Silahl\u0131 kuvvetlerimize ba\u011fl\u0131 bir birli\u011fi, ter\u00f6r sald\u0131r\u0131s\u0131na \u0130HA&#8217;larla kar\u015f\u0131l\u0131k vererek, \u00e7ok say\u0131da \u0130HA&#8217;y\u0131 imha etti ve hedeflerine ula\u015fmas\u0131n\u0131 engelledi&#8221; ifadelerini s\u00f6zlerine ekledi.<\/p>\n<p><iframe loading=\"lazy\" title=\"\u062a\u062f\u0645\u064a\u0631 \u0639\u062f\u0629 \u0645\u0642\u0631\u0627\u062a \u0644\u0644\u0625\u0631\u0647\u0627\u0628\u064a\u064a\u0646 \u0648\u0622\u0644\u064a\u0627\u062a\u0647\u0645 \u0648\u0625\u0633\u0642\u0627\u0637 \u0639\u062f\u0629 \u0645\u0633\u064a\u0631\u0627\u062a \u0641\u064a \u0631\u064a\u0641\u064a \u062d\u0644\u0628 \u0648\u0625\u062f\u0644\u0628\" src=\"https:\/\/www.youtube.com\/embed\/qiHqvPipnBk\" width=\"620\" height=\"348\" frameborder=\"0\" allowfullscreen=\"allowfullscreen\"><\/iframe><\/p>\n<p style=\"text-align: center;\"><strong><a href=\"https:\/\/t.me\/SuriyeArapHaberAjansI\">Telegram Kanal\u0131m\u0131z\u00a0<\/a>||<a href=\"https:\/\/twitter.com\/arap_ajans\">X Platformumuz\u00a0<\/a>||<a href=\"https:\/\/www.facebook.com\/SANAHaberAjansi\/\">Facebook Sayfam\u0131z<\/a><\/strong><\/p>\n","protected":false},"excerpt":{"rendered":"<p>\u015eAM (SANA) \u2013 Silahl\u0131 kuvvetlerimize ba\u011fl\u0131 birimler, dost Rus g\u00fc\u00e7leriyle i\u015fbirli\u011fi i\u00e7inde Halep ve \u0130dlib k\u0131rsal\u0131ndaki \u00e7ok say\u0131da ter\u00f6ristlerin karargah\u0131 ve arac\u0131n\u0131 imha etti ve \u00e7ok say\u0131da \u0130HA&#8217;lar\u0131n\u0131 d\u00fc\u015f\u00fcrd\u00fc. Askeri bir kaynak SANA&#8217;ya yapt\u0131\u011f\u0131 a\u00e7\u0131klamada, &#8221;Ter\u00f6r \u00f6rg\u00fctlerinin g\u00fcvenli belde ve k\u00f6ylerimiz ile askeri alanlar\u0131m\u0131za y\u00f6nelik devam eden ihlal ve sald\u0131r\u0131lar\u0131na kar\u015f\u0131l\u0131k olarak, yi\u011fit silahl\u0131 kuvvetlerimizin &hellip;<\/p>\n","protected":false},"author":39,"featured_media":299658,"comment_status":"closed","ping_status":"closed","sticky":false,"template":"","format":"standard","meta":{"footnotes":""},"categories":[479,18295,17988,478],"tags":[],"class_list":["post-299656","post","type-post","status-publish","format-standard","has-post-thumbnail","","category-haberler-yerel","category-sana-video","category-son-haberler","category-yerel"],"_links":{"self":[{"href":"https:\/\/archive.sana.sy\/tr\/index.php?rest_route=\/wp\/v2\/posts\/299656","targetHints":{"allow":["GET"]}}],"collection":[{"href":"https:\/\/archive.sana.sy\/tr\/index.php?rest_route=\/wp\/v2\/posts"}],"about":[{"href":"https:\/\/archive.sana.sy\/tr\/index.php?rest_route=\/wp\/v2\/types\/post"}],"author":[{"embeddable":true,"href":"https:\/\/archive.sana.sy\/tr\/index.php?rest_route=\/wp\/v2\/users\/39"}],"replies":[{"embeddable":true,"href":"https:\/\/archive.sana.sy\/tr\/index.php?rest_route=%2Fwp%2Fv2%2Fcomments&post=299656"}],"version-history":[{"count":4,"href":"https:\/\/archive.sana.sy\/tr\/index.php?rest_route=\/wp\/v2\/posts\/299656\/revisions"}],"predecessor-version":[{"id":299663,"href":"https:\/\/archive.sana.sy\/tr\/index.php?rest_route=\/wp\/v2\/posts\/299656\/revisions\/299663"}],"wp:featuredmedia":[{"embeddable":true,"href":"https:\/\/archive.sana.sy\/tr\/index.php?rest_route=\/wp\/v2\/media\/299658"}],"wp:attachment":[{"href":"https:\/\/archive.sana.sy\/tr\/index.php?rest_route=%2Fwp%2Fv2%2Fmedia&parent=299656"}],"wp:term":[{"taxonomy":"category","embeddable":true,"href":"https:\/\/archive.sana.sy\/tr\/index.php?rest_route=%2Fwp%2Fv2%2Fcategories&post=299656"},{"taxonomy":"post_tag","embeddable":true,"href":"https:\/\/archive.sana.sy\/tr\/index.php?rest_route=%2Fwp%2Fv2%2Ftags&post=299656"}],"curies":[{"name":"wp","href":"https:\/\/api.w.org\/{rel}","templated":true}]}}