{"id":299673,"date":"2024-04-07T07:28:25","date_gmt":"2024-04-07T04:28:25","guid":{"rendered":"https:\/\/sana.sy\/tr\/?p=299673"},"modified":"2024-04-08T13:56:37","modified_gmt":"2024-04-08T10:56:37","slug":"iran-devrim-muhafizlari-siyonist-olusum-gazzeye-yonelik-barbarca-saldirganligina-ragmen-hedeflerine-ulasamadi","status":"publish","type":"post","link":"https:\/\/archive.sana.sy\/tr\/?p=299673","title":{"rendered":"\u0130ran Devrim Muhaf\u0131zlar\u0131: Siyonist Varl\u0131\u011f\u0131 Gazze&#8217;ye Y\u00f6nelik Barbarca Sald\u0131rganl\u0131\u011f\u0131na Ra\u011fmen Hedeflerine Ula\u015famad\u0131"},"content":{"rendered":"<p style=\"text-align: justify;\"><strong>TAHRAN (SANA)<\/strong> &#8211;\u00a0 \u0130ran Devrim Muhaf\u0131zlar\u0131 s\u00f6zc\u00fcs\u00fc Tu\u011fgeneral Ramazan \u015eerif, Siyonist varl\u0131\u011f\u0131n Gazze \u015eeridi&#8217;ne y\u00f6nelik devam eden barbar sald\u0131rganl\u0131\u011f\u0131na ra\u011fmen hedeflerine ula\u015famad\u0131\u011f\u0131n\u0131 vurgulad\u0131.<\/p>\n<p style=\"text-align: justify;\">IRNA&#8217;n\u0131n aktard\u0131\u011f\u0131na g\u00f6re \u015eerif, Ahvaz \u015eam&#8217;daki \u0130ran Konsoloslu\u011fu \u015fehitleri anma t\u00f6reninde \u015funlar\u0131 s\u00f6yledi: &#8220;Aksa Tufan\u0131 Operasyonu, Siyonist varl\u0131\u011f\u0131n Filistin&#8217;le sava\u015f\u0131nda yenilgiye u\u011frat\u0131lmas\u0131yla e\u015fde\u011ferdir ve Siyonistler bu yenilginin intikam\u0131n\u0131 Devrim Muhaf\u0131zlar\u0131 liderlerine suikast d\u00fczenleyerek almak istiyorlar.&#8221;<\/p>\n<p style=\"text-align: justify;\">S\u00f6zc\u00fc, Aksa Tufan\u0131 operasyonunun Siyonist olu\u015fumun ba\u015far\u0131s\u0131z y\u00fcz\u00fcn\u00fc g\u00f6sterdi\u011fini, direni\u015fin fedakarl\u0131klar\u0131 sonucunda bu nitelikli operasyonun halen devam etti\u011fini a\u00e7\u0131klad\u0131.<\/p>\n<p style=\"text-align: center;\"><strong><a href=\"https:\/\/t.me\/SuriyeArapHaberAjansI\">Telegram Kanal\u0131m\u0131z\u00a0<\/a>||<a href=\"https:\/\/twitter.com\/arap_ajans\">X Platformumuz\u00a0<\/a>||<a href=\"https:\/\/www.facebook.com\/SANAHaberAjansi\/\">Facebook Sayfam\u0131z<\/a><\/strong><\/p>\n","protected":false},"excerpt":{"rendered":"<p>TAHRAN (SANA) &#8211;\u00a0 \u0130ran Devrim Muhaf\u0131zlar\u0131 s\u00f6zc\u00fcs\u00fc Tu\u011fgeneral Ramazan \u015eerif, Siyonist varl\u0131\u011f\u0131n Gazze \u015eeridi&#8217;ne y\u00f6nelik devam eden barbar sald\u0131rganl\u0131\u011f\u0131na ra\u011fmen hedeflerine ula\u015famad\u0131\u011f\u0131n\u0131 vurgulad\u0131. IRNA&#8217;n\u0131n aktard\u0131\u011f\u0131na g\u00f6re \u015eerif, Ahvaz \u015eam&#8217;daki \u0130ran Konsoloslu\u011fu \u015fehitleri anma t\u00f6reninde \u015funlar\u0131 s\u00f6yledi: &#8220;Aksa Tufan\u0131 Operasyonu, Siyonist varl\u0131\u011f\u0131n Filistin&#8217;le sava\u015f\u0131nda yenilgiye u\u011frat\u0131lmas\u0131yla e\u015fde\u011ferdir ve Siyonistler bu yenilginin intikam\u0131n\u0131 Devrim Muhaf\u0131zlar\u0131 liderlerine suikast &hellip;<\/p>\n","protected":false},"author":41,"featured_media":299674,"comment_status":"closed","ping_status":"closed","sticky":false,"template":"","format":"standard","meta":{"footnotes":""},"categories":[458,459,17988],"tags":[],"class_list":["post-299673","post","type-post","status-publish","format-standard","has-post-thumbnail","","category-dunya1","category-haberler-arap-uluslararasi-politika","category-son-haberler"],"_links":{"self":[{"href":"https:\/\/archive.sana.sy\/tr\/index.php?rest_route=\/wp\/v2\/posts\/299673","targetHints":{"allow":["GET"]}}],"collection":[{"href":"https:\/\/archive.sana.sy\/tr\/index.php?rest_route=\/wp\/v2\/posts"}],"about":[{"href":"https:\/\/archive.sana.sy\/tr\/index.php?rest_route=\/wp\/v2\/types\/post"}],"author":[{"embeddable":true,"href":"https:\/\/archive.sana.sy\/tr\/index.php?rest_route=\/wp\/v2\/users\/41"}],"replies":[{"embeddable":true,"href":"https:\/\/archive.sana.sy\/tr\/index.php?rest_route=%2Fwp%2Fv2%2Fcomments&post=299673"}],"version-history":[{"count":3,"href":"https:\/\/archive.sana.sy\/tr\/index.php?rest_route=\/wp\/v2\/posts\/299673\/revisions"}],"predecessor-version":[{"id":299677,"href":"https:\/\/archive.sana.sy\/tr\/index.php?rest_route=\/wp\/v2\/posts\/299673\/revisions\/299677"}],"wp:featuredmedia":[{"embeddable":true,"href":"https:\/\/archive.sana.sy\/tr\/index.php?rest_route=\/wp\/v2\/media\/299674"}],"wp:attachment":[{"href":"https:\/\/archive.sana.sy\/tr\/index.php?rest_route=%2Fwp%2Fv2%2Fmedia&parent=299673"}],"wp:term":[{"taxonomy":"category","embeddable":true,"href":"https:\/\/archive.sana.sy\/tr\/index.php?rest_route=%2Fwp%2Fv2%2Fcategories&post=299673"},{"taxonomy":"post_tag","embeddable":true,"href":"https:\/\/archive.sana.sy\/tr\/index.php?rest_route=%2Fwp%2Fv2%2Ftags&post=299673"}],"curies":[{"name":"wp","href":"https:\/\/api.w.org\/{rel}","templated":true}]}}