{"id":299945,"date":"2024-04-12T14:36:19","date_gmt":"2024-04-12T11:36:19","guid":{"rendered":"https:\/\/sana.sy\/tr\/?p=299945"},"modified":"2024-04-13T09:44:17","modified_gmt":"2024-04-13T06:44:17","slug":"isgalci-israilin-gazze-seridine-yonelik-saldirganliklarina-baslamasindan-bu-yana-33-bin-634-sehit","status":"publish","type":"post","link":"https:\/\/archive.sana.sy\/tr\/?p=299945","title":{"rendered":"\u0130\u015fgalci \u0130srail\u2019in Gazze \u015eeridi&#8217;ne Y\u00f6nelik Sald\u0131rganl\u0131klar\u0131na Ba\u015flamas\u0131ndan Bu Yana 33 Bin 634 \u015eehit"},"content":{"rendered":"<p style=\"text-align: justify;\"><strong>\u0130\u015eGAL ED\u0130LEN KUD\u00dcS (SANA)<\/strong> &#8211; Filistin Sa\u011fl\u0131k Bakanl\u0131\u011f\u0131, \u0130srail i\u015fgalinin Gazze \u015eeridi&#8217;ne y\u00f6nelik 7 Ekim&#8217;den bu yana devam eden sald\u0131r\u0131lar\u0131nda hayat\u0131n\u0131 kaybedenlerin say\u0131s\u0131n\u0131n 33 bin 634 \u015fehit ve 76 bin 214 yaral\u0131ya y\u00fckseldi\u011fini duyurdu.<\/p>\n<p style=\"text-align: justify;\">Bakanl\u0131k bug\u00fcn yapt\u0131\u011f\u0131 a\u00e7\u0131klamada, \u2018\u2019\u0130\u015fgalin Gazze \u015eeridi&#8217;ne y\u00f6nelik sald\u0131rganl\u0131\u011f\u0131 sonucu son 24 saatte 89 \u015fehit ve 120 yaral\u0131 hastanelere ula\u015ft\u0131. \u00a0B\u00f6ylelikle 189&#8217;uncu g\u00fcn\u00fcnde de devam eden sald\u0131r\u0131da \u00f6lenlerin say\u0131s\u0131 33 bin 634 \u015fehit ve 76 bin 214 yaral\u0131ya y\u00fckseldi. Bu esnada, \u00e7ok say\u0131da ma\u011fdur halen enkaz alt\u0131nda ve yollardayken, ambulans ve sivil savunma ekipleri onlara ula\u015fam\u0131yor\u2019\u2019 dedi.<\/p>\n<p style=\"text-align: center;\"><strong><a href=\"https:\/\/t.me\/SuriyeArapHaberAjansI\">Telegram Kanal\u0131m\u0131z\u00a0<\/a>||<a href=\"https:\/\/twitter.com\/arap_ajans\">X Platformumuz\u00a0<\/a>||<a href=\"https:\/\/www.facebook.com\/SANAHaberAjansi\/\">Facebook Sayfam\u0131z<\/a><\/strong><\/p>\n","protected":false},"excerpt":{"rendered":"<p>\u0130\u015eGAL ED\u0130LEN KUD\u00dcS (SANA) &#8211; Filistin Sa\u011fl\u0131k Bakanl\u0131\u011f\u0131, \u0130srail i\u015fgalinin Gazze \u015eeridi&#8217;ne y\u00f6nelik 7 Ekim&#8217;den bu yana devam eden sald\u0131r\u0131lar\u0131nda hayat\u0131n\u0131 kaybedenlerin say\u0131s\u0131n\u0131n 33 bin 634 \u015fehit ve 76 bin 214 yaral\u0131ya y\u00fckseldi\u011fini duyurdu. Bakanl\u0131k bug\u00fcn yapt\u0131\u011f\u0131 a\u00e7\u0131klamada, \u2018\u2019\u0130\u015fgalin Gazze \u015eeridi&#8217;ne y\u00f6nelik sald\u0131rganl\u0131\u011f\u0131 sonucu son 24 saatte 89 \u015fehit ve 120 yaral\u0131 hastanelere ula\u015ft\u0131. \u00a0B\u00f6ylelikle &hellip;<\/p>\n","protected":false},"author":41,"featured_media":299946,"comment_status":"closed","ping_status":"closed","sticky":false,"template":"","format":"standard","meta":{"footnotes":""},"categories":[458,459,17988],"tags":[41149],"class_list":["post-299945","post","type-post","status-publish","format-standard","has-post-thumbnail","","category-dunya1","category-haberler-arap-uluslararasi-politika","category-son-haberler","tag-isgalci-israilin-gazze-seridine-yonelik-saldirganliklarina-baslamasindan-bu-yana-33-bin-634-sehit"],"_links":{"self":[{"href":"https:\/\/archive.sana.sy\/tr\/index.php?rest_route=\/wp\/v2\/posts\/299945","targetHints":{"allow":["GET"]}}],"collection":[{"href":"https:\/\/archive.sana.sy\/tr\/index.php?rest_route=\/wp\/v2\/posts"}],"about":[{"href":"https:\/\/archive.sana.sy\/tr\/index.php?rest_route=\/wp\/v2\/types\/post"}],"author":[{"embeddable":true,"href":"https:\/\/archive.sana.sy\/tr\/index.php?rest_route=\/wp\/v2\/users\/41"}],"replies":[{"embeddable":true,"href":"https:\/\/archive.sana.sy\/tr\/index.php?rest_route=%2Fwp%2Fv2%2Fcomments&post=299945"}],"version-history":[{"count":3,"href":"https:\/\/archive.sana.sy\/tr\/index.php?rest_route=\/wp\/v2\/posts\/299945\/revisions"}],"predecessor-version":[{"id":299951,"href":"https:\/\/archive.sana.sy\/tr\/index.php?rest_route=\/wp\/v2\/posts\/299945\/revisions\/299951"}],"wp:featuredmedia":[{"embeddable":true,"href":"https:\/\/archive.sana.sy\/tr\/index.php?rest_route=\/wp\/v2\/media\/299946"}],"wp:attachment":[{"href":"https:\/\/archive.sana.sy\/tr\/index.php?rest_route=%2Fwp%2Fv2%2Fmedia&parent=299945"}],"wp:term":[{"taxonomy":"category","embeddable":true,"href":"https:\/\/archive.sana.sy\/tr\/index.php?rest_route=%2Fwp%2Fv2%2Fcategories&post=299945"},{"taxonomy":"post_tag","embeddable":true,"href":"https:\/\/archive.sana.sy\/tr\/index.php?rest_route=%2Fwp%2Fv2%2Ftags&post=299945"}],"curies":[{"name":"wp","href":"https:\/\/api.w.org\/{rel}","templated":true}]}}