{"id":299964,"date":"2024-04-12T15:45:22","date_gmt":"2024-04-12T12:45:22","guid":{"rendered":"https:\/\/sana.sy\/tr\/?p=299964"},"modified":"2024-04-13T09:44:19","modified_gmt":"2024-04-13T06:44:19","slug":"peskov-kievle-muzakere-ortami-degismedi","status":"publish","type":"post","link":"https:\/\/archive.sana.sy\/tr\/?p=299964","title":{"rendered":"Peskov: Kiev&#8217;le M\u00fczakere Ortam\u0131 De\u011fi\u015fmedi"},"content":{"rendered":"<p style=\"text-align: justify;\"><strong>MOSKOVA (SANA)<\/strong> &#8211; Rusya cumhurba\u015fkanl\u0131\u011f\u0131 s\u00f6zc\u00fcs\u00fc Dmitry Peskov, Ukrayna Devlet Ba\u015fkan\u0131 Vladimir Zelensky&#8217;nin Rusya ile m\u00fczakere yapmama karar\u0131na at\u0131fta bulunarak, Ukrayna ile m\u00fczakere yapma ortam\u0131n\u0131n de\u011fi\u015fmedi\u011fini vurgulad\u0131.<\/p>\n<p style=\"text-align: justify;\">Novosti Ajans\u0131&#8217;n\u0131n haberine g\u00f6re Peskov, bir gazetecinin bu dosyayla ilgili sorusuna yan\u0131t olarak \u015funlar\u0131 s\u00f6yledi: &#8220;Ukrayna Devlet Ba\u015fkan\u0131&#8217;n\u0131n Rusya taraf\u0131yla herhangi bir m\u00fczakere y\u00fcr\u00fctme yasa\u011f\u0131 getirmesi nedeniyle durum de\u011fi\u015fmedi.&#8221;<\/p>\n<p style=\"text-align: center;\"><strong><a href=\"https:\/\/t.me\/SuriyeArapHaberAjansI\">Telegram Kanal\u0131m\u0131z\u00a0<\/a>||<a href=\"https:\/\/twitter.com\/arap_ajans\">X Platformumuz\u00a0<\/a>||<a href=\"https:\/\/www.facebook.com\/SANAHaberAjansi\/\">Facebook Sayfam\u0131z<\/a><\/strong><\/p>\n","protected":false},"excerpt":{"rendered":"<p>MOSKOVA (SANA) &#8211; Rusya cumhurba\u015fkanl\u0131\u011f\u0131 s\u00f6zc\u00fcs\u00fc Dmitry Peskov, Ukrayna Devlet Ba\u015fkan\u0131 Vladimir Zelensky&#8217;nin Rusya ile m\u00fczakere yapmama karar\u0131na at\u0131fta bulunarak, Ukrayna ile m\u00fczakere yapma ortam\u0131n\u0131n de\u011fi\u015fmedi\u011fini vurgulad\u0131. Novosti Ajans\u0131&#8217;n\u0131n haberine g\u00f6re Peskov, bir gazetecinin bu dosyayla ilgili sorusuna yan\u0131t olarak \u015funlar\u0131 s\u00f6yledi: &#8220;Ukrayna Devlet Ba\u015fkan\u0131&#8217;n\u0131n Rusya taraf\u0131yla herhangi bir m\u00fczakere y\u00fcr\u00fctme yasa\u011f\u0131 getirmesi nedeniyle durum &hellip;<\/p>\n","protected":false},"author":41,"featured_media":299965,"comment_status":"closed","ping_status":"closed","sticky":false,"template":"","format":"standard","meta":{"footnotes":""},"categories":[458,459,17988],"tags":[41154],"class_list":["post-299964","post","type-post","status-publish","format-standard","has-post-thumbnail","","category-dunya1","category-haberler-arap-uluslararasi-politika","category-son-haberler","tag-peskov-kievle-muzakere-ortami-degismedi"],"_links":{"self":[{"href":"https:\/\/archive.sana.sy\/tr\/index.php?rest_route=\/wp\/v2\/posts\/299964","targetHints":{"allow":["GET"]}}],"collection":[{"href":"https:\/\/archive.sana.sy\/tr\/index.php?rest_route=\/wp\/v2\/posts"}],"about":[{"href":"https:\/\/archive.sana.sy\/tr\/index.php?rest_route=\/wp\/v2\/types\/post"}],"author":[{"embeddable":true,"href":"https:\/\/archive.sana.sy\/tr\/index.php?rest_route=\/wp\/v2\/users\/41"}],"replies":[{"embeddable":true,"href":"https:\/\/archive.sana.sy\/tr\/index.php?rest_route=%2Fwp%2Fv2%2Fcomments&post=299964"}],"version-history":[{"count":1,"href":"https:\/\/archive.sana.sy\/tr\/index.php?rest_route=\/wp\/v2\/posts\/299964\/revisions"}],"predecessor-version":[{"id":299966,"href":"https:\/\/archive.sana.sy\/tr\/index.php?rest_route=\/wp\/v2\/posts\/299964\/revisions\/299966"}],"wp:featuredmedia":[{"embeddable":true,"href":"https:\/\/archive.sana.sy\/tr\/index.php?rest_route=\/wp\/v2\/media\/299965"}],"wp:attachment":[{"href":"https:\/\/archive.sana.sy\/tr\/index.php?rest_route=%2Fwp%2Fv2%2Fmedia&parent=299964"}],"wp:term":[{"taxonomy":"category","embeddable":true,"href":"https:\/\/archive.sana.sy\/tr\/index.php?rest_route=%2Fwp%2Fv2%2Fcategories&post=299964"},{"taxonomy":"post_tag","embeddable":true,"href":"https:\/\/archive.sana.sy\/tr\/index.php?rest_route=%2Fwp%2Fv2%2Ftags&post=299964"}],"curies":[{"name":"wp","href":"https:\/\/api.w.org\/{rel}","templated":true}]}}