{"id":300007,"date":"2024-04-14T09:24:29","date_gmt":"2024-04-14T06:24:29","guid":{"rendered":"https:\/\/sana.sy\/tr\/?p=300007"},"modified":"2024-04-15T12:28:36","modified_gmt":"2024-04-15T09:28:36","slug":"filistin-direnisi-iranin-israil-varligina-yonelik-askeri-operasyonu-dogal-bir-haktir","status":"publish","type":"post","link":"https:\/\/archive.sana.sy\/tr\/?p=300007","title":{"rendered":"Filistin Direni\u015fi: \u0130ran&#8217;\u0131n \u0130srail Varl\u0131\u011f\u0131na Y\u00f6nelik Askeri Operasyonu Do\u011fal Bir Hakt\u0131r"},"content":{"rendered":"<p style=\"text-align: justify;\"><strong>\u0130\u015eGAL ED\u0130LEN KUD\u00dcS (SANA) &#8211;<\/strong> \u00a0Filistin direni\u015fi, \u0130ran \u0130slam Cumhuriyeti&#8217;nin i\u015fgalci \u0130srail varl\u0131\u011f\u0131na kar\u015f\u0131 ger\u00e7ekle\u015ftirdi\u011fi askeri operasyonun do\u011fal bir hak oldu\u011funu ve \u015eam&#8217;daki \u0130ran konsoloslu\u011funu hedef alma su\u00e7una kar\u015f\u0131 hak edilmi\u015f bir yan\u0131t oldu\u011funu do\u011frulad\u0131.<\/p>\n<p style=\"text-align: justify;\">Direni\u015f bug\u00fcn yapt\u0131\u011f\u0131 a\u00e7\u0131klamada, \u201cB\u00f6lgedeki devletlerin ve halklar\u0131n kendilerini Siyonist sald\u0131r\u0131lara kar\u015f\u0131 savunman\u0131n do\u011fal hakk\u0131n\u0131 teyit ediyoruz ve Arap ve \u0130slam milletimizi, d\u00fcnyan\u0131n \u00f6zg\u00fcr insanlar\u0131n\u0131 ve b\u00f6lgedeki direni\u015f g\u00fc\u00e7lerini Aksa Tufan\u0131&#8217;na ve Filistin halk\u0131m\u0131z\u0131n hakk\u0131na desteklerini s\u00fcrd\u00fcrmeye \u00e7a\u011f\u0131r\u0131yoruz&#8221; dedi.<\/p>\n<p style=\"text-align: center;\"><strong><a href=\"https:\/\/t.me\/SuriyeArapHaberAjansI\">Telegram Kanal\u0131m\u0131z\u00a0<\/a>||<a href=\"https:\/\/twitter.com\/arap_ajans\">X Platformumuz\u00a0<\/a>||<a href=\"https:\/\/www.facebook.com\/SANAHaberAjansi\/\">Facebook Sayfam\u0131z<\/a><\/strong><\/p>\n","protected":false},"excerpt":{"rendered":"<p>\u0130\u015eGAL ED\u0130LEN KUD\u00dcS (SANA) &#8211; \u00a0Filistin direni\u015fi, \u0130ran \u0130slam Cumhuriyeti&#8217;nin i\u015fgalci \u0130srail varl\u0131\u011f\u0131na kar\u015f\u0131 ger\u00e7ekle\u015ftirdi\u011fi askeri operasyonun do\u011fal bir hak oldu\u011funu ve \u015eam&#8217;daki \u0130ran konsoloslu\u011funu hedef alma su\u00e7una kar\u015f\u0131 hak edilmi\u015f bir yan\u0131t oldu\u011funu do\u011frulad\u0131. Direni\u015f bug\u00fcn yapt\u0131\u011f\u0131 a\u00e7\u0131klamada, \u201cB\u00f6lgedeki devletlerin ve halklar\u0131n kendilerini Siyonist sald\u0131r\u0131lara kar\u015f\u0131 savunman\u0131n do\u011fal hakk\u0131n\u0131 teyit ediyoruz ve Arap ve &hellip;<\/p>\n","protected":false},"author":39,"featured_media":300008,"comment_status":"closed","ping_status":"closed","sticky":false,"template":"","format":"standard","meta":{"footnotes":""},"categories":[458,459,17988],"tags":[],"class_list":["post-300007","post","type-post","status-publish","format-standard","has-post-thumbnail","","category-dunya1","category-haberler-arap-uluslararasi-politika","category-son-haberler"],"_links":{"self":[{"href":"https:\/\/archive.sana.sy\/tr\/index.php?rest_route=\/wp\/v2\/posts\/300007","targetHints":{"allow":["GET"]}}],"collection":[{"href":"https:\/\/archive.sana.sy\/tr\/index.php?rest_route=\/wp\/v2\/posts"}],"about":[{"href":"https:\/\/archive.sana.sy\/tr\/index.php?rest_route=\/wp\/v2\/types\/post"}],"author":[{"embeddable":true,"href":"https:\/\/archive.sana.sy\/tr\/index.php?rest_route=\/wp\/v2\/users\/39"}],"replies":[{"embeddable":true,"href":"https:\/\/archive.sana.sy\/tr\/index.php?rest_route=%2Fwp%2Fv2%2Fcomments&post=300007"}],"version-history":[{"count":1,"href":"https:\/\/archive.sana.sy\/tr\/index.php?rest_route=\/wp\/v2\/posts\/300007\/revisions"}],"predecessor-version":[{"id":300009,"href":"https:\/\/archive.sana.sy\/tr\/index.php?rest_route=\/wp\/v2\/posts\/300007\/revisions\/300009"}],"wp:featuredmedia":[{"embeddable":true,"href":"https:\/\/archive.sana.sy\/tr\/index.php?rest_route=\/wp\/v2\/media\/300008"}],"wp:attachment":[{"href":"https:\/\/archive.sana.sy\/tr\/index.php?rest_route=%2Fwp%2Fv2%2Fmedia&parent=300007"}],"wp:term":[{"taxonomy":"category","embeddable":true,"href":"https:\/\/archive.sana.sy\/tr\/index.php?rest_route=%2Fwp%2Fv2%2Fcategories&post=300007"},{"taxonomy":"post_tag","embeddable":true,"href":"https:\/\/archive.sana.sy\/tr\/index.php?rest_route=%2Fwp%2Fv2%2Ftags&post=300007"}],"curies":[{"name":"wp","href":"https:\/\/api.w.org\/{rel}","templated":true}]}}