{"id":300011,"date":"2024-04-14T09:54:27","date_gmt":"2024-04-14T06:54:27","guid":{"rendered":"https:\/\/sana.sy\/tr\/?p=300011"},"modified":"2024-04-15T12:28:41","modified_gmt":"2024-04-15T09:28:41","slug":"irvani-siyonist-varligin-yeniden-saldirganlik-baslatirsa-iranin-tepkisi-daha-guclu-ve-kararli-olacaktir","status":"publish","type":"post","link":"https:\/\/archive.sana.sy\/tr\/?p=300011","title":{"rendered":"\u0130rvani: Siyonist Varl\u0131\u011f\u0131n Yeniden Sald\u0131rganl\u0131k Ba\u015flat\u0131rsa \u0130ran&#8217;\u0131n Tepkisi Daha G\u00fc\u00e7l\u00fc Ve Kararl\u0131 Olacakt\u0131r"},"content":{"rendered":"<p style=\"text-align: justify;\"><strong>NEW YORK (SANA) \u2013 <\/strong>\u0130ran&#8217;\u0131n Birle\u015fmi\u015f Milletler Daimi Temsilcisi Emir Saeed \u0130rvani, Siyonist varl\u0131\u011f\u0131n yeniden sald\u0131rganl\u0131k ba\u015flatmas\u0131 halinde \u0130ran&#8217;\u0131n tepkisinin daha g\u00fc\u00e7l\u00fc ve kararl\u0131 olaca\u011f\u0131n\u0131 vurgulad\u0131.<\/p>\n<p style=\"text-align: justify;\">\u0130rvani, Birle\u015fmi\u015f Milletler Genel Sekreteri Antonio Guterres ve BM G\u00fcvenlik Konseyi Ba\u015fkan\u0131 Vanessa Fraser&#8217;a yazd\u0131\u011f\u0131 mektupta, Askeri eylem, \u0130ran \u0130slam Cumhuriyeti&#8217;nin, \u0130srail varl\u0131\u011f\u0131n\u0131n tekrarlanan askeri sald\u0131rganl\u0131klar\u0131na kar\u015f\u0131 kendisini savunma hakk\u0131n\u0131n uygulanmas\u0131 anlam\u0131na geliyor, bu, Birle\u015fmi\u015f Milletler \u015eart\u0131&#8217;n\u0131n 51. maddesinde a\u00e7\u0131k\u00e7a belirtildi&#8221; dedi.<\/p>\n<p style=\"text-align: justify;\">\u0130ran&#8217;\u0131n Birle\u015fmi\u015f Milletler&#8217;deki daimi temsilcisi \u015funlar\u0131 ekledi: &#8220;G\u00fcvenlik Konseyi&#8217;nin uluslararas\u0131 bar\u0131\u015f ve g\u00fcvenli\u011fin korunmas\u0131na y\u00f6nelik g\u00f6revlerini yerine getirmemesi, siyonist varl\u0131\u011f\u0131n k\u0131rm\u0131z\u0131 \u00e7izgileri ve uluslararas\u0131 hukukun temel ilkelerini ihlal etmesine izin vererek, bu da b\u00f6lgede gerilimin artmas\u0131na yol a\u00e7t\u0131 ve b\u00f6lgesel ve uluslararas\u0131 bar\u0131\u015f ve g\u00fcvenli\u011fi tehdit etti\u201d.<\/p>\n<p style=\"text-align: justify;\">\u0130rvani ayr\u0131ca, \u0130ran \u0130slam Cumhuriyeti&#8217;nin Birle\u015fmi\u015f Milletler&#8217;in sorumlu bir \u00fcyesi olarak, Birle\u015fmi\u015f Milletler \u015eart\u0131&#8217;n\u0131n ve uluslararas\u0131 hukukun ama\u00e7 ve ilkelerine ba\u011fl\u0131 oldu\u011fun\u0131 teyit ederek, b\u00f6lgedeki gerilimleri veya \u00e7at\u0131\u015fmalar\u0131 t\u0131rmand\u0131rmaya \u00e7al\u0131\u015fmad\u0131\u011f\u0131 y\u00f6n\u00fcndeki kesin tutumuna dikkat \u00e7ekti.<\/p>\n<p style=\"text-align: justify;\">\u0130ranl\u0131 temsilcisi, \u0130ran, \u0130srail taraf\u0131n\u0131n herhangi bir askeri provokasyonuna kar\u015f\u0131 uyar\u0131da bulunurken, halk\u0131na, ulusal g\u00fcvenli\u011fe, ulusal \u00e7\u0131karlara, egemenli\u011fe ve toprak b\u00fct\u00fcnl\u00fc\u011f\u00fcne y\u00f6nelik her t\u00fcrl\u00fc tehdide veya sald\u0131rganl\u0131\u011f\u0131na kar\u015f\u0131 uluslararas\u0131 yasalara uygun olarak g\u00fc\u00e7l\u00fc bir \u015fekilde savunma ve kar\u015f\u0131l\u0131k verme konusundaki sars\u0131lmaz kararl\u0131l\u0131\u011f\u0131n\u0131 de\u00a0 teyit etti.<\/p>\n<p style=\"text-align: center;\"><strong><a href=\"https:\/\/t.me\/SuriyeArapHaberAjansI\">Telegram Kanal\u0131m\u0131z\u00a0<\/a>||<a href=\"https:\/\/twitter.com\/arap_ajans\">X Platformumuz\u00a0<\/a>||<a href=\"https:\/\/www.facebook.com\/SANAHaberAjansi\/\">Facebook Sayfam\u0131z<\/a><\/strong><\/p>\n","protected":false},"excerpt":{"rendered":"<p>NEW YORK (SANA) \u2013 \u0130ran&#8217;\u0131n Birle\u015fmi\u015f Milletler Daimi Temsilcisi Emir Saeed \u0130rvani, Siyonist varl\u0131\u011f\u0131n yeniden sald\u0131rganl\u0131k ba\u015flatmas\u0131 halinde \u0130ran&#8217;\u0131n tepkisinin daha g\u00fc\u00e7l\u00fc ve kararl\u0131 olaca\u011f\u0131n\u0131 vurgulad\u0131. \u0130rvani, Birle\u015fmi\u015f Milletler Genel Sekreteri Antonio Guterres ve BM G\u00fcvenlik Konseyi Ba\u015fkan\u0131 Vanessa Fraser&#8217;a yazd\u0131\u011f\u0131 mektupta, Askeri eylem, \u0130ran \u0130slam Cumhuriyeti&#8217;nin, \u0130srail varl\u0131\u011f\u0131n\u0131n tekrarlanan askeri sald\u0131rganl\u0131klar\u0131na kar\u015f\u0131 kendisini savunma &hellip;<\/p>\n","protected":false},"author":39,"featured_media":300012,"comment_status":"closed","ping_status":"closed","sticky":false,"template":"","format":"standard","meta":{"footnotes":""},"categories":[458,459,17988],"tags":[41165],"class_list":["post-300011","post","type-post","status-publish","format-standard","has-post-thumbnail","","category-dunya1","category-haberler-arap-uluslararasi-politika","category-son-haberler","tag-iran-israile-saldirdi"],"_links":{"self":[{"href":"https:\/\/archive.sana.sy\/tr\/index.php?rest_route=\/wp\/v2\/posts\/300011","targetHints":{"allow":["GET"]}}],"collection":[{"href":"https:\/\/archive.sana.sy\/tr\/index.php?rest_route=\/wp\/v2\/posts"}],"about":[{"href":"https:\/\/archive.sana.sy\/tr\/index.php?rest_route=\/wp\/v2\/types\/post"}],"author":[{"embeddable":true,"href":"https:\/\/archive.sana.sy\/tr\/index.php?rest_route=\/wp\/v2\/users\/39"}],"replies":[{"embeddable":true,"href":"https:\/\/archive.sana.sy\/tr\/index.php?rest_route=%2Fwp%2Fv2%2Fcomments&post=300011"}],"version-history":[{"count":2,"href":"https:\/\/archive.sana.sy\/tr\/index.php?rest_route=\/wp\/v2\/posts\/300011\/revisions"}],"predecessor-version":[{"id":300044,"href":"https:\/\/archive.sana.sy\/tr\/index.php?rest_route=\/wp\/v2\/posts\/300011\/revisions\/300044"}],"wp:featuredmedia":[{"embeddable":true,"href":"https:\/\/archive.sana.sy\/tr\/index.php?rest_route=\/wp\/v2\/media\/300012"}],"wp:attachment":[{"href":"https:\/\/archive.sana.sy\/tr\/index.php?rest_route=%2Fwp%2Fv2%2Fmedia&parent=300011"}],"wp:term":[{"taxonomy":"category","embeddable":true,"href":"https:\/\/archive.sana.sy\/tr\/index.php?rest_route=%2Fwp%2Fv2%2Fcategories&post=300011"},{"taxonomy":"post_tag","embeddable":true,"href":"https:\/\/archive.sana.sy\/tr\/index.php?rest_route=%2Fwp%2Fv2%2Ftags&post=300011"}],"curies":[{"name":"wp","href":"https:\/\/api.w.org\/{rel}","templated":true}]}}